{"id":6735,"date":"2012-12-12T09:16:53","date_gmt":"2012-12-12T08:16:53","guid":{"rendered":"http:\/\/www.willizblog.de\/?p=6735"},"modified":"2012-12-12T09:16:53","modified_gmt":"2012-12-12T08:16:53","slug":"vorweihnachtszeit-2012-10-die-schonsten-weihnachtsmarchen-der-welt","status":"publish","type":"post","link":"https:\/\/willizblog.de\/?p=6735","title":{"rendered":"Vorweihnachtszeit 2012 (10):  Die sch\u00f6nsten Weihnachtsm\u00e4rchen der Welt"},"content":{"rendered":"<p>Schnee haben wir ja bereits, auch wenn zu bef\u00fcrchten ist, dass dieser sp\u00e4testens am Wochenende durch Regen dahinschmelzen wird. Die Wetteraussichten f\u00fcr Weihnachten sind noch nicht eindeutig, vieles deutet f\u00fcr uns hier im Norden daraufhin, die Festtage eher im Gr\u00fcnen zu verbringen.<\/p>\n<p>Nun wer sich nicht allzu sehr vom vorweihnachtlichen Stress gefangen nehmen l\u00e4sst, wer sich trotz Arbeit und der Widrigkeiten, die Schnee und besonders Glatteis auf den Stra\u00dfen und Gleisen verursachen, nicht \u201abeeindrucken\u2019 l\u00e4sst, wer sp\u00e4testens am Abend etwas Mu\u00dfe findet, um zu entspannen, wird vielleicht im B\u00fccherschrank die Lekt\u00fcre finden, die ihn und sie zur \u201aBesinnung\u2019 kommen l\u00e4sst.<\/p>\n<p>Immer wieder geh\u00f6ren zu einer vorweihnachtlichen Lekt\u00fcre auch M\u00e4rchen der Advents-, Weihnachts- und Winterszeit. Dazu m\u00fcssen nicht unbedingt kleine Kinder im Hause sein. Aber nat\u00fcrlich ist das noch sch\u00f6ner, den Kleinen solche M\u00e4rchen vorzulesen. Online im Netz gibt es dazu das <a href=\"http:\/\/gutenberg.spiegel.de\/\" target=\"_blank\">Projekt Gutenberg-DE! bei Spiegel Online<\/a> oder das angels\u00e4chsische Pentant <a href=\"http:\/\/www.gutenberg.org\/\" target=\"_blank\">Project Gutenberg<\/a> (nat\u00fcrlich auch mit deutschen Texten). Allein das Kramen und Suchen hier macht schon viel Spa\u00df.<\/p>\n<p>Beim deutschen Gutenberg-Projekt gibt es eine Sammlung solcher M\u00e4rchen, die sich mit der Winter- und Weihnachtszeit befassen. Es sind gesammelte M\u00e4rchen u.a. von den <a href=\"https:\/\/de.wikipedia.org\/wiki\/Br%C3%BCder_Grimm\" target=\"_blank\">Br\u00fcder Grimm<\/a> (in diesen Tagen <a href=\"https:\/\/twitter.com\/willizblog\/status\/277784804571881472\" target=\"_blank\">vor 200 Jahren<\/a> erschien ja der erste Band ihrer gesammelten &#8222;Kinder- und Hausm\u00e4rchen&#8220;) und <a href=\"https:\/\/de.wikipedia.org\/wiki\/Ludwig_Bechstein\" target=\"_blank\">Ludwig Bechstein<\/a> \u2013 oder Kunstm\u00e4rchen von <a href=\"https:\/\/de.wikipedia.org\/wiki\/Hans_Christian_Andersen\" target=\"_blank\">Hans Christian Andersen<\/a>, <a href=\"https:\/\/de.wikipedia.org\/wiki\/Wilhelm_Hauff\" target=\"_blank\">Wilhelm Hauff<\/a> und <a href=\"https:\/\/de.wikipedia.org\/wiki\/Theodor_Storm\" target=\"_blank\">Theodor Storm<\/a>. Und es gibt hier Volksm\u00e4rchen aus aller Herren L\u00e4nder von Irland \u00fcber Island bis Sibirien \u2013 und auch auf Niederdeutsch (Plattdeutsch) &#8230;: <a href=\"http:\/\/gutenberg.spiegel.de\/buch\/4510\/1\" target=\"_blank\"><strong>Die sch\u00f6nsten Weihnachtsm\u00e4rchen der Welt<\/strong><\/a><\/p>\n<p><img src=\"https:\/\/www.willizblog.de\/images\/vorweihnachtszeit2012.jpg\" alt=\"Sch\u00f6ne Vorweihnachtzeit 2012\" title=\"Sch\u00f6ne Vorweihnachtzeit 2012\" \/><\/p>\n<p>Eines der k\u00fcrzesten M\u00e4rchen, die ich kenne, findet sich hier auch. Vielleicht hat es nur wenig mit Winter und noch weniger mit Weihnachten zu tun. Was mit der Mutter wurde, ist nicht klar \u2013 aber in der K\u00fcrze liegt hier die W\u00fcrze und es endet strahlend &#8230;<\/p>\n<p><em>Eine junge K\u00f6nigstochter hie\u00df Schneeblume, weil sie wei\u00df wie der Schnee war und im Winter geboren. Eines Tages war ihre Mutter krank geworden, und sie ging in den Wald und wollte heilsame Kr\u00e4uter brechen. Wie sie nun an einem gro\u00dfen Baum vor\u00fcberging, flog ein Schwarm Bienen heraus und bedeckten ihren ganzen Leib von Kopf bis zu den F\u00fc\u00dfen. Aber sie stachen sie nicht und taten ihr nicht weh, sondern trugen Honig auf ihre Lippen, und ihr ganzer Leib strahlte ordentlich von Sch\u00f6nheit.<\/em><\/p>\n<p><strong>Br\u00fcder Grimm:<\/strong> <a href=\"http:\/\/gutenberg.spiegel.de\/buch\/4510\/2\" target=\"_blank\">Schneeblume<\/a><\/p>\n","protected":false},"excerpt":{"rendered":"<p>Schnee haben wir ja bereits, auch wenn zu bef\u00fcrchten ist, dass dieser sp\u00e4testens am Wochenende durch Regen dahinschmelzen wird. Die Wetteraussichten f\u00fcr Weihnachten sind noch nicht eindeutig, vieles deutet f\u00fcr uns hier im Norden daraufhin, die Festtage eher im Gr\u00fcnen zu verbringen. Nun wer sich nicht allzu sehr vom vorweihnachtlichen Stress gefangen nehmen l\u00e4sst, wer &hellip; <a href=\"https:\/\/willizblog.de\/?p=6735\" class=\"more-link\"><span class=\"screen-reader-text\">Vorweihnachtszeit 2012 (10):  Die sch\u00f6nsten Weihnachtsm\u00e4rchen der Welt<\/span> weiterlesen <span class=\"meta-nav\">&rarr;<\/span><\/a><\/p>\n","protected":false},"author":1,"featured_media":0,"comment_status":"open","ping_status":"open","sticky":false,"template":"","format":"standard","meta":[],"categories":[3,33],"tags":[],"_links":{"self":[{"href":"https:\/\/willizblog.de\/index.php?rest_route=\/wp\/v2\/posts\/6735"}],"collection":[{"href":"https:\/\/willizblog.de\/index.php?rest_route=\/wp\/v2\/posts"}],"about":[{"href":"https:\/\/willizblog.de\/index.php?rest_route=\/wp\/v2\/types\/post"}],"author":[{"embeddable":true,"href":"https:\/\/willizblog.de\/index.php?rest_route=\/wp\/v2\/users\/1"}],"replies":[{"embeddable":true,"href":"https:\/\/willizblog.de\/index.php?rest_route=%2Fwp%2Fv2%2Fcomments&post=6735"}],"version-history":[{"count":0,"href":"https:\/\/willizblog.de\/index.php?rest_route=\/wp\/v2\/posts\/6735\/revisions"}],"wp:attachment":[{"href":"https:\/\/willizblog.de\/index.php?rest_route=%2Fwp%2Fv2%2Fmedia&parent=6735"}],"wp:term":[{"taxonomy":"category","embeddable":true,"href":"https:\/\/willizblog.de\/index.php?rest_route=%2Fwp%2Fv2%2Fcategories&post=6735"},{"taxonomy":"post_tag","embeddable":true,"href":"https:\/\/willizblog.de\/index.php?rest_route=%2Fwp%2Fv2%2Ftags&post=6735"}],"curies":[{"name":"wp","href":"https:\/\/api.w.org\/{rel}","templated":true}]}}