{"id":6750,"date":"2012-12-18T08:52:03","date_gmt":"2012-12-18T07:52:03","guid":{"rendered":"http:\/\/www.willizblog.de\/?p=6750"},"modified":"2012-12-18T08:52:03","modified_gmt":"2012-12-18T07:52:03","slug":"fusballjahr-2012-geht-zu-ende","status":"publish","type":"post","link":"https:\/\/willizblog.de\/?p=6750","title":{"rendered":"Fu\u00dfballjahr 2012 geht zu Ende"},"content":{"rendered":"<p>Heute und morgen noch die Achtelfinalspiele im DFB-Pokal \u2013 und dann ist erst einmal kurze Winterpause bis Mitte Januar im deutschen Profi-Fu\u00dfball. Mit den Bayern auf Meisterkurs und dem FC Augsburg und Greuther F\u00fcrth als potentielle Absteiger gibt es bereits zur Halbzeit der Saison klare Trends. Es geht eigentlich nur noch um die weiteren Fleischt\u00f6pfe, aus denen sich auch in der n\u00e4chsten Saison Dortmund und wieder einmal Leverkusen (\u201eVizekusen\u2019) bedienen k\u00f6nnten. Viel bleibt dann nicht mehr &#8230;<\/p>\n<p>Der SV Werder Bremen d\u00fcmpelt hingegen im Mittelfeld herum. Es ist ein Auf und Ab der Leistungen, sodass die Bremer manchmal an eben diesen Fleischt\u00f6pfen schnuppern l\u00e4sst, mehr aber auch nicht. Gegen die Gro\u00dfen (Bayern, Leverkusen und Dortmund) ist kein Blumentopf zu gewinnen. Und der einzigste Sieg der Augsburger resultiert aus einem Sieg gegen Werder. In der 2. Saisonh\u00e4lfte wollen die Bremer endlich angreifen. Nur m\u00fcssen sie dann dem Get\u00f6se der Worte endlich Taten folgen lassen. Im letzten Pflichtspiel des Jahres gegen N\u00fcrnberg war von einer Aufholjagd noch nicht viel zu sp\u00fcren \u2013 vielen ausgelassenen Torchancen folgte der Treffer der N\u00fcrnberger, der nur durch ein Abseitstor in letzter Minute egalisiert werden konnte.<\/p>\n<p>Insgesamt war dieses Jahr ein sehr erfolgreiches f\u00fcr den deutschen Fu\u00dfball \u2013 trotz des <a href=\"https:\/\/www.willizblog.de\/?p=6132\" target=\"_blank\">Ausscheidens der Nationalmannschaft bei der Euro 2012<\/a> im Halbfinale gegen Italien. Der Titel war angepeilt \u2013 und dann doch eindeutig verfehlt worden. Daf\u00fcr gl\u00e4nzten die Vereinsmannschaften in Europa. Alle drei deutschen Vertreter haben in der Champions League die Gruppenphase als Gruppenerste beendet (Dortmund, Schalke und Bayern) und in der Europa League sind alle vier Mannschaften (Hannover, Leverkusen, M\u00f6nchengladbach und Stuttgart) auch noch im n\u00e4chsten Jahr dabei. Lediglich die Spanier haben mit vier Mannschaften im Achtelfinale der Champions League einen Verein mehr.<\/p>\n<p><img src=\"https:\/\/www.willizblog.de\/images\/euro2012_ger_ita_halbfinale.jpg\" alt=\"Euro 2012 - 2. Viertelfinalspiel: Deutschland-Italien 1:2\" title=\"Euro 2012 - 2. Viertelfinalspiel: Deutschland-Italien 1:2\" \/><\/p>\n<p>\u201eDie Bundesliga steht in der <a href=\"http:\/\/stats.fussball-forum.de\/?UEFA-F%FCnfjahreswertung\" target=\"_blank\">F\u00fcnfjahreswertung der Europ\u00e4ischen Fu\u00dfball-Union<\/a> vor dem Sprung auf Platz zwei. Dank der guten Ausbeute in der zur\u00fcckliegenden Europapokal-Woche mit vier Siegen, zwei Unentschieden und nur einer Niederlage verk\u00fcrzten die deutschen Clubs ihren R\u00fcckstand auf England weiter und liegen nur noch 2,634 Punkte hinter der zweitplatzierten Premier League zur\u00fcck. Weil die deutsche Eliteklasse im kommenden Jahr noch mit allen sieben Mannschaften im Europacup dabei ist, d\u00fcrfte sich der Abstand auf England (6) weiter verringern. Angef\u00fchrt wird das UEFA-Ranking weiter von Spanien, das seinen Vorsprung sogar noch ausbauen konnte.\u201c (Quelle: <a href=\"http:\/\/www.transfermarkt.de\/de\/fuenfjahreswertung-bundesliga-kommt-england-immer-naeher\/news\/anzeigen_107356.html\" target=\"_blank\">transfermarkt.de<\/a>)<\/p>\n<p>Apropos Europameisterschaft: Die <a href=\"https:\/\/de.wikipedia.org\/wiki\/Fu%C3%9Fball-Europameisterschaft_2020\" target=\"_blank\">EM 2020<\/a> soll nach Entscheidung der UEFA \u201ein verschiedenen Metropolen Europas\u201c ausgetragen werden, also nicht wie bisher in einem oder in zwei L\u00e4ndern (zuletzt in der Ukraine und Polen). Die Bewerbungsfrist beginnt Anfang 2013. Die Vergabe findet im Fr\u00fchjahr 2014 statt. Zum zweiten Mal nach 2016 werden 24 Mannschaften an der Endrunde teilnehmen. Wenn es nach UEFA-Pr\u00e4sident Michel Platini geht, k\u00f6nnte die Europameisterschaft 2020 eine v\u00f6lkerverbindende Kraft entwickeln. Neben vielen positiven Reaktion gibt es auch Kritik. So bef\u00fcrchtet man u.a. eine EM der Billigflieger. Ich pers\u00f6nlich bin gegen diese unn\u00f6tige Ausweitung der EM. Damit wird die Meisterschaft f\u00f6rmlich zerrissen. Das eigentliche Flair ginge baden. Profitieren d\u00fcrften im Wesentliche \u201aStandorte\u2019 mit gro\u00dfen Stadien. <\/p>\n<p>Und eines zum Schluss: Letzte Woche stimmte die Mehrheit der deutschen Erst- und Zweitligisten auf der <a href=\"https:\/\/de.wikipedia.org\/wiki\/Die_Liga_%E2%80%93_Fu%C3%9Fballverband\" target=\"_blank\">DFL<\/a>-Mitgliederversammlung in Frankfurt am Main f\u00fcr das <a href=\"http:\/\/www.kicker.de\/news\/fussball\/bundesliga\/startseite\/579047\/artikel_die-16-antraege-im-ueberblick.html\" target=\"_blank\">umstrittene Sicherheitskonzept<\/a>, das zahlreiche Fans ablehnen. Sie k\u00fcndigten erneute Aktionen an. \u201eEs steht im Raum, dass weiter protestiert wird\u201c, sagte der Sprecher der <a href=\"http:\/\/www.ndr.de\/sport\/fussball\/fans625.html\" target=\"_blank\">\u201a12:12\u2019-Kampagne<\/a>. Die Anh\u00e4nger w\u00fcrden nun abwarten, wie sich die DFL und die Vereine in der Umsetzung verhalten (hierzu sp\u00e4ter etwas mehr).<\/p>\n<p>Schauen wir, was das neue Jahr bringt. Die <a href=\"https:\/\/de.wikipedia.org\/wiki\/Fu%C3%9Fball-Weltmeisterschaft_2014\/Qualifikation\" target=\"_blank\">Qualifikation zur WM 2014<\/a> geht f\u00fcr die deutsche Nationalmannschaft am 22. M\u00e4rz 2013 mit dem <a href=\"https:\/\/de.wikipedia.org\/wiki\/Fu%C3%9Fball-Weltmeisterschaft_2014\/Qualifikation_%28UEFA%29#Gruppe_C\" target=\"_blank\">Spiel gegen Kasachstan<\/a> in Astana weiter. Die Auslosungen f\u00fcrs <a href=\"https:\/\/de.wikipedia.org\/wiki\/UEFA_Champions_League_2012\/13#Achtelfinale\" target=\"_blank\">Achtelfinale in der Champions League<\/a> und f\u00fcrs <a href=\"https:\/\/de.wikipedia.org\/wiki\/UEFA_Europa_League_2012\/13#Sechzehntelfinale\" target=\"_blank\">Sechzehntelfinale bzw. Achtelfinale in der Europa League<\/a> sind am Donnerstag (20.12.). Mitte Februar geht\u2019s dann weiter &#8230;<\/p>\n<p><em>Und vielleicht kommt der SV Werder Bremen im n\u00e4chsten Jahr doch noch auf den Pott &#8230;?!<\/em><\/p>\n","protected":false},"excerpt":{"rendered":"<p>Heute und morgen noch die Achtelfinalspiele im DFB-Pokal \u2013 und dann ist erst einmal kurze Winterpause bis Mitte Januar im deutschen Profi-Fu\u00dfball. Mit den Bayern auf Meisterkurs und dem FC Augsburg und Greuther F\u00fcrth als potentielle Absteiger gibt es bereits zur Halbzeit der Saison klare Trends. Es geht eigentlich nur noch um die weiteren Fleischt\u00f6pfe, &hellip; <a href=\"https:\/\/willizblog.de\/?p=6750\" class=\"more-link\"><span class=\"screen-reader-text\">Fu\u00dfballjahr 2012 geht zu Ende<\/span> weiterlesen <span class=\"meta-nav\">&rarr;<\/span><\/a><\/p>\n","protected":false},"author":1,"featured_media":0,"comment_status":"open","ping_status":"open","sticky":false,"template":"","format":"standard","meta":[],"categories":[39,27],"tags":[],"_links":{"self":[{"href":"https:\/\/willizblog.de\/index.php?rest_route=\/wp\/v2\/posts\/6750"}],"collection":[{"href":"https:\/\/willizblog.de\/index.php?rest_route=\/wp\/v2\/posts"}],"about":[{"href":"https:\/\/willizblog.de\/index.php?rest_route=\/wp\/v2\/types\/post"}],"author":[{"embeddable":true,"href":"https:\/\/willizblog.de\/index.php?rest_route=\/wp\/v2\/users\/1"}],"replies":[{"embeddable":true,"href":"https:\/\/willizblog.de\/index.php?rest_route=%2Fwp%2Fv2%2Fcomments&post=6750"}],"version-history":[{"count":0,"href":"https:\/\/willizblog.de\/index.php?rest_route=\/wp\/v2\/posts\/6750\/revisions"}],"wp:attachment":[{"href":"https:\/\/willizblog.de\/index.php?rest_route=%2Fwp%2Fv2%2Fmedia&parent=6750"}],"wp:term":[{"taxonomy":"category","embeddable":true,"href":"https:\/\/willizblog.de\/index.php?rest_route=%2Fwp%2Fv2%2Fcategories&post=6750"},{"taxonomy":"post_tag","embeddable":true,"href":"https:\/\/willizblog.de\/index.php?rest_route=%2Fwp%2Fv2%2Ftags&post=6750"}],"curies":[{"name":"wp","href":"https:\/\/api.w.org\/{rel}","templated":true}]}}