{"id":6776,"date":"2012-12-25T14:19:45","date_gmt":"2012-12-25T13:19:45","guid":{"rendered":"http:\/\/www.willizblog.de\/?p=6776"},"modified":"2012-12-25T14:19:45","modified_gmt":"2012-12-25T13:19:45","slug":"albinz-weihnachtsbaum-2012","status":"publish","type":"post","link":"https:\/\/willizblog.de\/?p=6776","title":{"rendered":"AlbinZ Weihnachtsbaum 2012"},"content":{"rendered":"<ul><img src=\"https:\/\/www.willizblog.de\/images\/weihnachten_2012_tannenbaum.jpg\" alt=\"AlbinZ Weihnachtsbaum 2012\" title=\"AlbinZ Weihnachtsbaum 2012\" \/><\/ul>\n<p>Bl\u00e4tter hat er keine, nur Nadeln \u2013 daf\u00fcr ist er selbst \u2018geschlagen\u2019, was bei uns schon zur Tradition geh\u00f6rt. Am vierten Advent (dies Jahr bereits am dritten Advent) macht sich meine Frau mit unserem j\u00fcngsten Sohn auf, um zusammen mit einem Bekannten den eigenen Baum zu schlagen (d.h. ihn abzus\u00e4gen). Dazu gibt es Gl\u00fchwein (kostenlos) und Bratwurst &#8230; Bisher hatte ich keinen Grund zum \u201aMeckern\u2019. Auch wenn der Tannenbaum nicht riesige Dimensionen einnimmt, so ist die Gr\u00f6\u00dfe gerade recht.<\/p>\n<p>Noch einmal Euch allen ein geruhsames Weihnachtsfest!<\/p>\n","protected":false},"excerpt":{"rendered":"<p>Bl\u00e4tter hat er keine, nur Nadeln \u2013 daf\u00fcr ist er selbst \u2018geschlagen\u2019, was bei uns schon zur Tradition geh\u00f6rt. Am vierten Advent (dies Jahr bereits am dritten Advent) macht sich meine Frau mit unserem j\u00fcngsten Sohn auf, um zusammen mit einem Bekannten den eigenen Baum zu schlagen (d.h. ihn abzus\u00e4gen). Dazu gibt es Gl\u00fchwein (kostenlos) &hellip; <a href=\"https:\/\/willizblog.de\/?p=6776\" class=\"more-link\"><span class=\"screen-reader-text\">AlbinZ Weihnachtsbaum 2012<\/span> weiterlesen <span class=\"meta-nav\">&rarr;<\/span><\/a><\/p>\n","protected":false},"author":1,"featured_media":0,"comment_status":"open","ping_status":"open","sticky":false,"template":"","format":"standard","meta":[],"categories":[28,33],"tags":[],"_links":{"self":[{"href":"https:\/\/willizblog.de\/index.php?rest_route=\/wp\/v2\/posts\/6776"}],"collection":[{"href":"https:\/\/willizblog.de\/index.php?rest_route=\/wp\/v2\/posts"}],"about":[{"href":"https:\/\/willizblog.de\/index.php?rest_route=\/wp\/v2\/types\/post"}],"author":[{"embeddable":true,"href":"https:\/\/willizblog.de\/index.php?rest_route=\/wp\/v2\/users\/1"}],"replies":[{"embeddable":true,"href":"https:\/\/willizblog.de\/index.php?rest_route=%2Fwp%2Fv2%2Fcomments&post=6776"}],"version-history":[{"count":0,"href":"https:\/\/willizblog.de\/index.php?rest_route=\/wp\/v2\/posts\/6776\/revisions"}],"wp:attachment":[{"href":"https:\/\/willizblog.de\/index.php?rest_route=%2Fwp%2Fv2%2Fmedia&parent=6776"}],"wp:term":[{"taxonomy":"category","embeddable":true,"href":"https:\/\/willizblog.de\/index.php?rest_route=%2Fwp%2Fv2%2Fcategories&post=6776"},{"taxonomy":"post_tag","embeddable":true,"href":"https:\/\/willizblog.de\/index.php?rest_route=%2Fwp%2Fv2%2Ftags&post=6776"}],"curies":[{"name":"wp","href":"https:\/\/api.w.org\/{rel}","templated":true}]}}