{"id":6779,"date":"2012-12-28T09:51:24","date_gmt":"2012-12-28T08:51:24","guid":{"rendered":"http:\/\/www.willizblog.de\/?p=6779"},"modified":"2012-12-28T09:51:24","modified_gmt":"2012-12-28T08:51:24","slug":"zwischen-den-jahren-2012-auf-2013","status":"publish","type":"post","link":"https:\/\/willizblog.de\/?p=6779","title":{"rendered":"Zwischen den Jahren 2012 auf 2013"},"content":{"rendered":"<p>Diesmal hat es mich zwischen den Jahren erwischt: Ich muss die beiden \u201averbleibenden\u2019 Werktage zur Arbeit. Als <a href=\"https:\/\/www.willizblog.de\/?p=2508\" target=\"_blank\">\u201azwischen den Jahren\u2019<\/a> bezeichnet man die Zeit zwischen Weihnachten und Neujahr (die N\u00e4chte, die l\u00e4ngsten des Jahres, nennt man <a href=\"https:\/\/www.willizblog.de\/?p=2482\" target=\"_blank\">Raun\u00e4chte<\/a>). Aber da ich noch einige \u00dcberstunden abzubummeln habe, sind die Tage (gestern und heute) nicht ganz so lang &#8230;.<\/p>\n<p>Ein Jahr geht zu Ende, ein neues Jahr steht vor der T\u00fcr. Zeit, um auf das zu Ende gehende Jahr zur\u00fcckzublicken. Aus meiner Sicht war es wieder ein \u201adurchwachsenes\u2019 Jahr. Positiv muss man die <a href=\"https:\/\/www.willizblog.de\/?p=6612\" target=\"_blank\">Wiederwahl Barack Obamas<\/a> werten. <a href=\"https:\/\/de.wikipedia.org\/wiki\/B%C3%BCrgerkrieg_in_Syrien\" target=\"_blank\">In Syrien<\/a> dagegen w\u00fctet immer noch ein B\u00fcrgerkrieg, dem bereits viele Tausend Menschen zum Opfer fielen. Ein Ende der korrupten Wirtschaftspolitik und der Sturz der Baath-Regierung von Pr\u00e4sident Baschar al-Assad ist weiterhin nicht in Sicht. Und \u00c4gypten ist nach dem Sturz <a href=\"https:\/\/de.wikipedia.org\/wiki\/Hosni_Mubarak\" target=\"_blank\">Husni Mubaraks<\/a> ein zerrissenes Land. Europa k\u00e4mpft weiterhin mit der Euro-Krise.<\/p>\n<p>Im n\u00e4chsten Jahr stehen diverse Neuwahlen an. Bereits am 20. Januar <a href=\"https:\/\/de.wikipedia.org\/wiki\/Landtagswahl_in_Niedersachsen_2013\" target=\"_blank\">w\u00e4hlt Niedersachsen<\/a> einen neuen Landtag. Nach letzten Umfragen d\u00fcrfte die CDU zwar wieder die st\u00e4rkste Fraktion bilden, die schwarz-gelbe Koalition unter Ministerpr\u00e4sident David McAllister sollte aber wohl durch eine rot-gr\u00fcne Regierung abgel\u00f6st werden. \u00c4hnlich verh\u00e4lt es sich im Bund. Die <a href=\"https:\/\/de.wikipedia.org\/wiki\/Bundestagswahl_2013\" target=\"_blank\">Wahl zum 18. Deutschen Bundestag<\/a> wird voraussichtlich im September oder Oktober 2013 stattfinden. Eine Fortsetzung der jetzigen Regierung unter Angela Merkel d\u00fcrfte nur m\u00f6glich sein, wenn die FDP dann doch noch die 5 %-H\u00fcrde schafft.<\/p>\n<p>Auch f\u00fcr mich pers\u00f6nlich hatte dieses Jahr einige H\u00f6hen und sicherlich auch einige Tiefen. Die sicherlich sch\u00f6nsten Tage verbrachte ich bereits in der Zeit vor Ostern bei einem erneuten Aufenthalt mit meiner Familie <a href=\"https:\/\/www.willizblog.de\/?p=6119\" target=\"_blank\">in Grainau<\/a>. Von solchen Tagen zehre ich immer lange.<\/p>\n<p><img src=\"https:\/\/www.willizblog.de\/images\/zugspitzplatt_2012_03.jpg\" alt=\"Blick vom Zugspitzplatt Ende M\u00e4rz 2012\" title=\"Blick vom Zugspitzplatt Ende M\u00e4rz 2012\" \/><\/p>\n<p>Was nun das neue Jahr tats\u00e4chlich bringt, steht in den Sternen. Wichtig ist und bleibt, dass wir auch das neue Jahr gesund \u00fcberstehen. Daher w\u00fcnsche ich Euch allen viel Gesundheit f\u00fcr 2013. Alles andere wird sich schon von selbst regulieren.<\/p>\n","protected":false},"excerpt":{"rendered":"<p>Diesmal hat es mich zwischen den Jahren erwischt: Ich muss die beiden \u201averbleibenden\u2019 Werktage zur Arbeit. Als \u201azwischen den Jahren\u2019 bezeichnet man die Zeit zwischen Weihnachten und Neujahr (die N\u00e4chte, die l\u00e4ngsten des Jahres, nennt man Raun\u00e4chte). Aber da ich noch einige \u00dcberstunden abzubummeln habe, sind die Tage (gestern und heute) nicht ganz so lang &hellip; <a href=\"https:\/\/willizblog.de\/?p=6779\" class=\"more-link\"><span class=\"screen-reader-text\">Zwischen den Jahren 2012 auf 2013<\/span> weiterlesen <span class=\"meta-nav\">&rarr;<\/span><\/a><\/p>\n","protected":false},"author":1,"featured_media":0,"comment_status":"open","ping_status":"open","sticky":false,"template":"","format":"standard","meta":[],"categories":[32,12,10],"tags":[],"_links":{"self":[{"href":"https:\/\/willizblog.de\/index.php?rest_route=\/wp\/v2\/posts\/6779"}],"collection":[{"href":"https:\/\/willizblog.de\/index.php?rest_route=\/wp\/v2\/posts"}],"about":[{"href":"https:\/\/willizblog.de\/index.php?rest_route=\/wp\/v2\/types\/post"}],"author":[{"embeddable":true,"href":"https:\/\/willizblog.de\/index.php?rest_route=\/wp\/v2\/users\/1"}],"replies":[{"embeddable":true,"href":"https:\/\/willizblog.de\/index.php?rest_route=%2Fwp%2Fv2%2Fcomments&post=6779"}],"version-history":[{"count":0,"href":"https:\/\/willizblog.de\/index.php?rest_route=\/wp\/v2\/posts\/6779\/revisions"}],"wp:attachment":[{"href":"https:\/\/willizblog.de\/index.php?rest_route=%2Fwp%2Fv2%2Fmedia&parent=6779"}],"wp:term":[{"taxonomy":"category","embeddable":true,"href":"https:\/\/willizblog.de\/index.php?rest_route=%2Fwp%2Fv2%2Fcategories&post=6779"},{"taxonomy":"post_tag","embeddable":true,"href":"https:\/\/willizblog.de\/index.php?rest_route=%2Fwp%2Fv2%2Ftags&post=6779"}],"curies":[{"name":"wp","href":"https:\/\/api.w.org\/{rel}","templated":true}]}}