{"id":678,"date":"2006-12-01T00:05:45","date_gmt":"2006-11-30T22:05:45","guid":{"rendered":"http:\/\/www.albinz.de\/blog\/?p=678"},"modified":"2006-12-01T00:05:45","modified_gmt":"2006-11-30T22:05:45","slug":"jans-kalenderblatt-dezember-2006","status":"publish","type":"post","link":"https:\/\/willizblog.de\/?p=678","title":{"rendered":"Jans Kalenderblatt: Dezember 2006"},"content":{"rendered":"<p>Ein letztes Kalenderblatt von meinem Sohn Jan f\u00fcr Dezember: Klar, es geht um Weihnachten, denn der Dezember dreht sich eigentlich nur um dieses Fest. Der Weihnachtsmann auf dem Bild schaut nicht gerade fr\u00f6hlich, eher hinterh\u00e4ltig aus seinem roten Anzug. F\u00fcr wem wohl die Geschenke sind? Jeder mache sich selbst seinen Reim auf dieses Bild:<\/p>\n<p><img src=\"https:\/\/www.albinz.net\/images\/jans_kalender_2006_12.jpg\" alt=\"Jans Kalenderblatt Dezmber 2006\" \/><\/p>\n","protected":false},"excerpt":{"rendered":"<p>Ein letztes Kalenderblatt von meinem Sohn Jan f\u00fcr Dezember: Klar, es geht um Weihnachten, denn der Dezember dreht sich eigentlich nur um dieses Fest. Der Weihnachtsmann auf dem Bild schaut nicht gerade fr\u00f6hlich, eher hinterh\u00e4ltig aus seinem roten Anzug. F\u00fcr wem wohl die Geschenke sind? Jeder mache sich selbst seinen Reim auf dieses Bild:<\/p>\n","protected":false},"author":1,"featured_media":0,"comment_status":"closed","ping_status":"closed","sticky":false,"template":"","format":"standard","meta":[],"categories":[37],"tags":[],"_links":{"self":[{"href":"https:\/\/willizblog.de\/index.php?rest_route=\/wp\/v2\/posts\/678"}],"collection":[{"href":"https:\/\/willizblog.de\/index.php?rest_route=\/wp\/v2\/posts"}],"about":[{"href":"https:\/\/willizblog.de\/index.php?rest_route=\/wp\/v2\/types\/post"}],"author":[{"embeddable":true,"href":"https:\/\/willizblog.de\/index.php?rest_route=\/wp\/v2\/users\/1"}],"replies":[{"embeddable":true,"href":"https:\/\/willizblog.de\/index.php?rest_route=%2Fwp%2Fv2%2Fcomments&post=678"}],"version-history":[{"count":0,"href":"https:\/\/willizblog.de\/index.php?rest_route=\/wp\/v2\/posts\/678\/revisions"}],"wp:attachment":[{"href":"https:\/\/willizblog.de\/index.php?rest_route=%2Fwp%2Fv2%2Fmedia&parent=678"}],"wp:term":[{"taxonomy":"category","embeddable":true,"href":"https:\/\/willizblog.de\/index.php?rest_route=%2Fwp%2Fv2%2Fcategories&post=678"},{"taxonomy":"post_tag","embeddable":true,"href":"https:\/\/willizblog.de\/index.php?rest_route=%2Fwp%2Fv2%2Ftags&post=678"}],"curies":[{"name":"wp","href":"https:\/\/api.w.org\/{rel}","templated":true}]}}