{"id":680,"date":"2006-12-03T00:11:55","date_gmt":"2006-12-02T22:11:55","guid":{"rendered":"http:\/\/www.albinz.de\/blog\/?p=680"},"modified":"2008-03-12T10:57:18","modified_gmt":"2008-03-12T08:57:18","slug":"was-ist-blos-mit-ian-los-teil-34-von-den-wurzeln-zu-den-zweigen","status":"publish","type":"post","link":"https:\/\/willizblog.de\/?p=680","title":{"rendered":"Was ist blo\u00df mit Ian los? Teil 34: Von den Wurzeln zu den Zweigen"},"content":{"rendered":"<p><em>Hallo Wilfried,<\/em><\/p>\n<p><em>ob sich hinter unserem Bundespr\u00e4sidenten ein Tull-Fan verbirgt, kann ich nicht sagen. Ich m\u00f6chte aber auf eines hinweisen: Nicht jeder Tull-Fan tr\u00e4gt Kopftuch. Ich hoffe, dass Mr. Anderson bei dem Konzert in Maria Laach etwas mehr Augenmerk auf seine Garderobe richtet. Ein Outfit, wie es auf Deiner (wieder sehr gelungenen !) Montage zu sehen ist, w\u00fcrde schon reichen. Lediglich mit der Kopfbedeckung k\u00f6nnte es Probleme geben: Maria Laach ist ein katholisches Gotteshaus und hier ist der Nicht-Kleriker aufgefordert, es nur barh\u00e4uptig zu betreten.<\/em><\/p>\n<p><em>Steht nicht n\u00e4chstes Jahr das 40j\u00e4hrige Jubil\u00e4um von JT an ? Ich habe noch nichts davon geh\u00f6rt oder gelesen, aber rein rechnerisch m\u00fcsste das so sein.<\/em><\/p>\n<p><em>Vielen Dank f\u00fcr den Hinweis auf die neuen Laufi-Videos ! Der Auftritt in der ZDF-Drehscheibe ist genau der, von dem ich an anderer Stelle bereits erz\u00e4hlt habe. Vielleicht erinnerst Du Dich: Am n\u00e4chsten Tag bin ich losgezogen, um mir das gleiche Barett zu kaufen, wie es der Meister trug (allerdings steht es ihm besser als mir). 1982 ist es mir nicht aufgefallen, aber heute: Zum historischen Kost\u00fcm tr\u00e4gt Mr. Anderson wieder eine Armbanduhr. Diese Marotte kann ich mir nur so erkl\u00e4ren, dass ihm in der Vergangenheit schon einmal eine Uhr in der K\u00fcnstlergarderobe abhanden gekommen ist. Summa summarum komme ich zu dem Schluss, dass ein Playback-Auftritt in einer deutschen  Nachrichtensendung im Vorabendprogramm nicht das richtige Forum f\u00fcr K\u00f6nner wie JT ist. Klar, als Teenager habe ich den Auftritt damals genossen, aber die Musiker m\u00fcssen H\u00f6llenqualen gelitten haben.<\/em><\/p>\n<p><em>Mit den Parallelen zwischen TAAB und Bohemian Rhapsody meinte ich in allererste Linie die ungew\u00f6hnliche Dauer dieser St\u00fccke und der Bombast, mit dem sie vorgetragen werden. Nat\u00fcrlich gibt es Unterschiede in den Songs und den K\u00fcnstlern. Der Gr\u00f6\u00dfte ist vielleicht, dass JT in der Lage waren und sind, ihr Lied live darzubieten. Queen mussten bei den schwierigen Passagen, wie z.B. dem Chorgesang, auf das Tonband zur\u00fcckgreifen.  Vielleicht kennst Du God Save The Queen von Queen; nur Gitarre und Schlagzeug. Die Band spielte es lange Zeit am Ende ihrer Konzerte. Das hei\u00dft, sie spielte es nicht, sondern spulten es aus der Konserve ab. Ob Mr. May es live nicht hinbekommen h\u00e4tte ? Keine Ahnung. Jedenfalls halte ich JT f\u00fcr das gr\u00f6\u00dfere Live-Erlebnis.<\/em><\/p>\n<p><em>Das Konzert im Madison Square Garden hat f\u00fcr mich eine \u00e4hnliche Klasse wie der Auftritt im Hippodrom. Wie Du schon sagtest, die beiden Events liegen nur ein Jahr auseinander. Aus meiner Sicht hatte die Gruppe 1978 den Zenit ihrer Schaffenskraft erreicht. Das war nicht mehr zu toppen. Von JT nicht, von anderen erst recht nicht.<\/em><\/p>\n<p><em>Vorsichtshalber zur Richtigstellung: Am Prozess gegen Danton interessiert mich nicht das Ende auf dem Schafott, sondern seine unglaublich eloquenten Verteidigungsreden. Allerdings m\u00fcsste ich einen Dolmetscher mit in die Zeitmaschine nehmen.<\/em><\/p>\n<p><em>Die magere Reaktion auf Ralph Weber&#8217;s Endgame mag in der hohen Qualit\u00e4t des Textes begr\u00fcndet liegen. Ich kann mir vorstellen, dass mancher Tull-Fan den Kommentar mit offenem Mund liest und nur noch ein ehrf\u00fcrchtiges Nicken zustande bringt. Jemanden, der so schreiben kann, quatscht man nicht ungefragt an. Das ist nat\u00fcrlich Unsinn, aber solche Gedanken schwingen m\u00f6glicherweise im Unterbewusstsein mit.<\/em><\/p>\n<p><em>Ich habe mir noch einmal, ganz bewusst, Roots to Branches angetan. Es bleibt dabei: Inhaltlich kann ich Herrn Weber nicht in jedem Punkt zustimmen. Wenn ich einem Au\u00dferirdischen die Qualit\u00e4t der irdischen Rockmusik mit einem Beispiel belegen m\u00fcsste, w\u00fcrde ich ihm einen Liveauftritt von TAAB vorspielen. Es hatte also auch sein Gutes, dass der Mensch sich \u00fcber den Affen erhoben hat.<\/em><\/p>\n<p><em>Ich freue mich auf Heiligabend !<\/em><br \/>\n<em>Lockwood<\/em><\/p>\n<p>29.11.2006<\/p>\n<p>~~~~~~~~~~~~~~~~~~~~~~~~~~~~~~~~~~~~~~~~~~~~~~~~~~~~~~~~~~~~~~~~~~~~<\/p>\n<p><em>Hallo Lockwood,<\/em><\/p>\n<p><em>die Freude auf Heiligabend (Weihnachten) h\u00e4lt sich bei mir in Grenzen. Meine Frau wird n\u00e4mlich 50 Jahre alt (sie hat allerdings am 26. Geburtstag) und da ist eine gro\u00dfe Feier angesagt, die im Gemeindehaus unserer evangelischen Kirche stattfindet. An G\u00e4sten werden mindestens 50 Leute erwartet, die dann auch noch Kinder mitbringen, sodass es sicherlich noch mehr werden. Hoffentlich sind die alle noch vom Weihnachtsbraten ges\u00e4ttigt (oder die haben bereits eine Magenerweiterung \u2013 da passt dann noch gen\u00fcgend hinein). Ich mag solche Massenveranstaltungen \u00fcberhaupt nicht, aber da muss ich durch. Da unterh\u00e4lt man sich mit jedem und keinem. In kleiner Runde finde ich es um einiges besser. Mag dieser Kelch an mir vor\u00fcberziehen. Immerhin habe ich die Tage darauf frei und kann mich erholen.<\/em><\/p>\n<p><em>In Maria Laach werden wir Herrn Anderson mit Sicherheit ohne Kopftuch oder K\u00e4ppi sehen, also mit sehr breitem Scheitel. Er wei\u00df, was sich geh\u00f6rt. Es ist auch nicht sein erster Auftritt in einer katholischen Kirche. Im Januar 2004 war er f\u00fcrs italienische Fernsehen in Neapel aufgetreten und brachte u.a. <a href=\"Http:\/\/www.albinz.net\/jethrotull\/jt_napoli_bourree.html\" target=\"_blank\">Bourree<\/a> zum Besten.<\/em><\/p>\n<p><em>Das ist also das ber\u00fchmte Barrett? ZDF-Drehscheibe habe ich fr\u00fcher mit meinen Eltern auch \u00f6fter gesehen. Diese Sendung muss ich aber verpasst haben. Nett sind ja die \u00e4lteren Damen am Schluss. Die gucken etwas gelangweilt, klatschen aber h\u00f6flich ihren Beifall. Haben die etwas h\u00e4rteres erwartet? Am Schlagzeug muss ein Gerry Conway sitzen. Der ist mir \u00fcberhaupt nicht gegenw\u00e4rtig. Ich habe zwar einige Videos aus 1982. Die sind aber von der Qualit\u00e4t recht schlecht. Und irgendwie habe ich da auch nie so richtig auf den Mann an der Schie\u00dfbude geachtet. Conway hat auch nur auf \u201eBroadsword\u201c gespielt, auf \u201eCrest of a Knave\u201c gab es dann einen fliegenden Wechsel mit Doane Perry (auf \u201eUnder Wraps\u201c hat Anderson selbst die Schlagst\u00f6cker gewirbelt), der mithin auch schon 20 Jahre bei der Truppe ist.<\/em><\/p>\n<p><em>Apropos Videos! Ich habe auch einmal einen Blick bei myvideo.de gewagt und wem bin ich dabei begegnet? Unserem alten Kumpel <a href=\"http:\/\/www.myvideo.de\/online\/page.php?l=1&#038;P=157&#038;UID=13884\" target=\"_blank\">Francis<\/a>, wenn Du Dich an den erinnerst. Da musst Du unbedingt hineingucken. Der Mann ist zwar ziemlich kaputt (wenn man in meinem Alter ist, dann ist das kein Wunder), aber ein \u201aechtes\u2019 Showtalent, was die Tull-Imitationen betrifft. Kein Grund zum L\u00e4stern, zu Playback so tun als ob ist wirklich nicht leicht \u2013 aber das Thema hatten wir bereits.<\/em><\/p>\n<p><img src=\"https:\/\/www.albinz.net\/images\/francis.jpg\" alt=\"Francis\" \/><\/p>\n<p><em>In \u201eRoots to Branches\u201c habe ich auch einmal intensiver hineingeh\u00f6rt. Das Album liegt zwischen den Solo-Scheiben \u201eDevinities\u201c und \u201eSecret Language of Birds\u201c von Ian Anderson, was nicht zu \u00fcberh\u00f6ren ist. Das Fl\u00f6tenspiel erinnert mich an das erst genannte Album (z.B. das St\u00fcck \u201eWounded, Old and Treacher\u201c, der dann folgende \u201aRapper\u2019 Anderson macht das Lied dann allerdings ziemlich kaputt), recht ausgreifend und von Weltmusik gepr\u00e4gt. Der Gesang, aber auch einige Instrumentalpassagen \u00e4hneln der zweiten (z.B. \u201eAt last, forever\u201c \u2013 au\u00dferdem: das h\u00f6rt sich hier wirklich einmal nach einer 12-saitigen Gitarre an). Ich muss gestehen, dass ich mich zun\u00e4chst auch nicht voll f\u00fcr <a href=\"https:\/\/www.albinz.net\/jethrotull\/jt_roots_to_branches.html\" target=\"_blank\">\u201eRoots to Branches\u201c<\/a> begeistern konnte; nach dem 3. Lied hatte ich einen H\u00e4nger. Aber bereits beim 2. H\u00f6ren wird man \u201avertrauter\u2019. Und es gibt einige Lieder, die mir dann sogar ganz gut gefallen (z.B. <a href=\"http:\/\/de.youtube.com\/watch?v=EyjN2FFE05M\" target=\"_blank\">\u201eBeside Myself\u201c<\/a>, das ich durch die Videoaufnahmen schon etwas n\u00e4her kenne, und \u201eAnother Harry \u2019s Bar\u201c). So ganz Unrecht hat der gute Herr Weber allerdings nicht \u2013 die Arrangements sind \u00e4u\u00dferst ausgefeilt wie kaum auf einem anderen Tull-Album und bieten dabei den Mitspielern doch viel Raum zur Entfaltung.<\/em><\/p>\n<p><em>In Deiner Beurteilung bez\u00fcglich der mageren Reaktion auf den Weber\u2019schen Beitrag <a href=\"http:\/\/www.laufi.de\/board\/viewtopic.php?t=782\" target=\"_blank\">End game &#8211; Jethro Tull im Halbschatten<\/a> im Laufi-Forum gebe ich Dir voll und ganz Recht. Es ist zudem eine Sichtweise, eine Perspektive, die dem Leser unvertraut sein d\u00fcrfte (wer als Frosch pl\u00f6tzlich die Welt von oben sieht, der d\u00fcrfte sehr erstaunt gucken \u2013 \u201emit offenem Mund\u201c wie Du schreibst).<\/em><\/p>\n<p><em>Und: Was die besonderen Ereignisse in der Menschheitsgeschichte anbelangt, da k\u00f6nnte es doch einiges geben, nur w\u00e4ren das im eigentlichen Sinne keine \u201ebesonderen Ereignisse\u201c: Ich w\u00e4re z.B. gern einmal <a href=\"https:\/\/www.willizblog.de\/?p=324\" target=\"_blank\">Franz Kafka<\/a> begegnet, einfach um einmal diesen im vollen Wortsinne \u201amerkw\u00fcrdigen\u2019 Menschen live erlebt zu haben. Und da g\u00e4be es noch einige andere Menschen, die leider nicht mehr unter uns weilen.<\/em><\/p>\n<p><em>Ja, nur noch drei Wochen bis Weihnachten. Hast Du bereits alle Geschenke f\u00fcr Deine Lieben im Sack? Mein Weihnachtsgeschenk steht ja bereits auf meinem Schreibtisch (der neue Bildschirm, weil der alte den Geist aufgab).<\/em><\/p>\n<p><em>Jan hat heute Geburtstag und wird 16 Jahre alt. Um 19 Uhr kommt eine ganze Horde Jugendlicher und bev\u00f6lkert dann den Abend unseren Keller. Also genug f\u00fcr heute.<\/em><\/p>\n<p><em>Ich w\u00fcnsche Dir und Deinen Lieben ein sch\u00f6nes Adventwochenende.<\/em><br \/>\n<em>Bis bald<\/em><br \/>\n<em>Wilfried<\/em><\/p>\n<p>01.12.2006<\/p>\n<p><a href=\"http:\/\/babelfish.altavista.com\/babelfish\/trurl_pagecontent?url=https:\/\/www.willizblog.de\/?p=680&#038;lp=de%5Fen\" target=\"_blank\">English Translation for Ian Anderson<\/a><\/p>\n","protected":false},"excerpt":{"rendered":"<p>Hallo Wilfried, ob sich hinter unserem Bundespr\u00e4sidenten ein Tull-Fan verbirgt, kann ich nicht sagen. Ich m\u00f6chte aber auf eines hinweisen: Nicht jeder Tull-Fan tr\u00e4gt Kopftuch. Ich hoffe, dass Mr. Anderson bei dem Konzert in Maria Laach etwas mehr Augenmerk auf seine Garderobe richtet. Ein Outfit, wie es auf Deiner (wieder sehr gelungenen !) Montage zu &hellip; <a href=\"https:\/\/willizblog.de\/?p=680\" class=\"more-link\"><span class=\"screen-reader-text\">Was ist blo\u00df mit Ian los? Teil 34: Von den Wurzeln zu den Zweigen<\/span> weiterlesen <span class=\"meta-nav\">&rarr;<\/span><\/a><\/p>\n","protected":false},"author":1,"featured_media":0,"comment_status":"closed","ping_status":"closed","sticky":false,"template":"","format":"standard","meta":[],"categories":[43],"tags":[],"_links":{"self":[{"href":"https:\/\/willizblog.de\/index.php?rest_route=\/wp\/v2\/posts\/680"}],"collection":[{"href":"https:\/\/willizblog.de\/index.php?rest_route=\/wp\/v2\/posts"}],"about":[{"href":"https:\/\/willizblog.de\/index.php?rest_route=\/wp\/v2\/types\/post"}],"author":[{"embeddable":true,"href":"https:\/\/willizblog.de\/index.php?rest_route=\/wp\/v2\/users\/1"}],"replies":[{"embeddable":true,"href":"https:\/\/willizblog.de\/index.php?rest_route=%2Fwp%2Fv2%2Fcomments&post=680"}],"version-history":[{"count":0,"href":"https:\/\/willizblog.de\/index.php?rest_route=\/wp\/v2\/posts\/680\/revisions"}],"wp:attachment":[{"href":"https:\/\/willizblog.de\/index.php?rest_route=%2Fwp%2Fv2%2Fmedia&parent=680"}],"wp:term":[{"taxonomy":"category","embeddable":true,"href":"https:\/\/willizblog.de\/index.php?rest_route=%2Fwp%2Fv2%2Fcategories&post=680"},{"taxonomy":"post_tag","embeddable":true,"href":"https:\/\/willizblog.de\/index.php?rest_route=%2Fwp%2Fv2%2Ftags&post=680"}],"curies":[{"name":"wp","href":"https:\/\/api.w.org\/{rel}","templated":true}]}}