{"id":6800,"date":"2013-01-09T11:57:20","date_gmt":"2013-01-09T10:57:20","guid":{"rendered":"http:\/\/www.willizblog.de\/?p=6800"},"modified":"2013-01-09T11:57:20","modified_gmt":"2013-01-09T10:57:20","slug":"regen-spruhregen-nieselregen","status":"publish","type":"post","link":"https:\/\/willizblog.de\/?p=6800","title":{"rendered":"Regen. Spr\u00fchregen. Nieselregen."},"content":{"rendered":"<p>Wie f\u00e4ngt dieses Jahr nur an?! Bereits mit Glockenschlag 0 Uhr am Neujahrsmorgen begann es zu regnen. Und seitdem scheint es nur noch feucht vom Himmel zu kommen, mal als Spr\u00fchregen, mal etwas mehr als Nieselregen, weniger als Regen mit dicken Tropfen. Aber (fast) immer: Regen! <\/p>\n<p>Dazu ein bedeckter Himmel, der die Sonne nicht einmal erahnen l\u00e4sst. Genau, vor einer Woche, da kam die Sonne f\u00fcr kurze Zeitabschnitte noch einmal hinter einzelnen Wolken hervor. Auch das Blau des Himmels zeigte sich, wenn auch nur kurz. Seitdem aber ist es dunkel, triste, grau in grau &#8230;<\/p>\n<ul><img src=\"https:\/\/www.willizblog.de\/images\/2013_01_voegel_auf_der_stange.jpg\" alt=\"\u201aV\u00f6gel\u2019 im Regen\" title=\"\u201aV\u00f6gel\u2019 im Regen\" \/><\/ul>\n<p>Und ich habe meinen Resturlaub nehmen m\u00fcssen. Was bleibt mir anderes \u00fcbrig, als mich in meiner Bettdecke einzukuscheln, ein Buch nach dem anderen zu lesen &#8230; Obwohl, ein Spaziergang bei Spr\u00fchregen und trotz f\u00fcr diese Jahreszeit viel zu hoher Temperaturen hat etwas Erfrischendes. Am Ende ist man zwar genauso durchn\u00e4sst wie bei einer Regenschauer, aber da kein zus\u00e4tzlich l\u00e4stiger Wind weht, geht es sich ganz angenehm.<\/p>\n<p>Nun sp\u00e4testens ab Freitag soll es wieder winterlich werden. Und sicherlich l\u00e4sst sich dann auch ab und zu die Sonne blicken. Wir sind eben Sonnenkinder \u2013 lange Zeit ohne sie ist es geradezu unertr\u00e4glich &#8230;<\/p>\n","protected":false},"excerpt":{"rendered":"<p>Wie f\u00e4ngt dieses Jahr nur an?! Bereits mit Glockenschlag 0 Uhr am Neujahrsmorgen begann es zu regnen. Und seitdem scheint es nur noch feucht vom Himmel zu kommen, mal als Spr\u00fchregen, mal etwas mehr als Nieselregen, weniger als Regen mit dicken Tropfen. Aber (fast) immer: Regen! Dazu ein bedeckter Himmel, der die Sonne nicht einmal &hellip; <a href=\"https:\/\/willizblog.de\/?p=6800\" class=\"more-link\"><span class=\"screen-reader-text\">Regen. Spr\u00fchregen. Nieselregen.<\/span> weiterlesen <span class=\"meta-nav\">&rarr;<\/span><\/a><\/p>\n","protected":false},"author":1,"featured_media":0,"comment_status":"open","ping_status":"open","sticky":false,"template":"","format":"standard","meta":[],"categories":[16],"tags":[],"_links":{"self":[{"href":"https:\/\/willizblog.de\/index.php?rest_route=\/wp\/v2\/posts\/6800"}],"collection":[{"href":"https:\/\/willizblog.de\/index.php?rest_route=\/wp\/v2\/posts"}],"about":[{"href":"https:\/\/willizblog.de\/index.php?rest_route=\/wp\/v2\/types\/post"}],"author":[{"embeddable":true,"href":"https:\/\/willizblog.de\/index.php?rest_route=\/wp\/v2\/users\/1"}],"replies":[{"embeddable":true,"href":"https:\/\/willizblog.de\/index.php?rest_route=%2Fwp%2Fv2%2Fcomments&post=6800"}],"version-history":[{"count":0,"href":"https:\/\/willizblog.de\/index.php?rest_route=\/wp\/v2\/posts\/6800\/revisions"}],"wp:attachment":[{"href":"https:\/\/willizblog.de\/index.php?rest_route=%2Fwp%2Fv2%2Fmedia&parent=6800"}],"wp:term":[{"taxonomy":"category","embeddable":true,"href":"https:\/\/willizblog.de\/index.php?rest_route=%2Fwp%2Fv2%2Fcategories&post=6800"},{"taxonomy":"post_tag","embeddable":true,"href":"https:\/\/willizblog.de\/index.php?rest_route=%2Fwp%2Fv2%2Ftags&post=6800"}],"curies":[{"name":"wp","href":"https:\/\/api.w.org\/{rel}","templated":true}]}}