{"id":6804,"date":"2013-01-11T16:40:02","date_gmt":"2013-01-11T15:40:02","guid":{"rendered":"http:\/\/www.willizblog.de\/?p=6804"},"modified":"2013-01-12T17:17:51","modified_gmt":"2013-01-12T16:17:51","slug":"futterung-der-vogel-in-albinz-garten","status":"publish","type":"post","link":"https:\/\/willizblog.de\/?p=6804","title":{"rendered":"F\u00fctterung der V\u00f6gel in AlbinZ Garten"},"content":{"rendered":"<p>Bei uns im Garten zwitschert es auch im Winter. Meine Frau hat zwei Futterh\u00e4uschen f\u00fcr die V\u00f6gel aufgebaut und daneben Futterquellen f\u00fcr die Meisen und andere kleinere V\u00f6gel aufgeh\u00e4ngt. So kommen zu bestimmten Zeiten (man k\u00f6nnte wohl die Uhr danach stellen) die unterschiedlichsten Piekm\u00e4tze, um sich ihr Futter abzuholen. Bei den Futterh\u00e4uschen bedienen sich meist die gr\u00f6\u00dferen V\u00f6gel wie Amseln. Ein Futterhaus wurde schon einmal von einem <a href=\"https:\/\/www.willizblog.de\/?p=3090\" target=\"_blank\">Amselp\u00e4rchen als Nest<\/a> genutzt.<\/p>\n<p>An den h\u00e4ngenden Futterquellen finden sich fast ausschlie\u00dflich Meisen ein, Blau- und Kohlmeisen und seltener die besonders kleinen Schwanzmeisen, die meist wie Kolibris die Nahrung im Flug aufnehmen. Rotkehlchen haben wir allerdings auch schon beobachtet. Blau- und Kohlmeisen habe ich letzten Sonntag filmisch beim Fressen festgehalten:<\/p>\n<p><iframe loading=\"lazy\" width=\"540\" height=\"304\" src=\"https:\/\/www.youtube.com\/embed\/IKi8WJBqrzk\" frameborder=\"0\" allowfullscreen><\/iframe><br \/>\nMeisen in AlbinZ Garten (06.01.2013)<\/p>\n","protected":false},"excerpt":{"rendered":"<p>Bei uns im Garten zwitschert es auch im Winter. Meine Frau hat zwei Futterh\u00e4uschen f\u00fcr die V\u00f6gel aufgebaut und daneben Futterquellen f\u00fcr die Meisen und andere kleinere V\u00f6gel aufgeh\u00e4ngt. So kommen zu bestimmten Zeiten (man k\u00f6nnte wohl die Uhr danach stellen) die unterschiedlichsten Piekm\u00e4tze, um sich ihr Futter abzuholen. Bei den Futterh\u00e4uschen bedienen sich meist &hellip; <a href=\"https:\/\/willizblog.de\/?p=6804\" class=\"more-link\"><span class=\"screen-reader-text\">F\u00fctterung der V\u00f6gel in AlbinZ Garten<\/span> weiterlesen <span class=\"meta-nav\">&rarr;<\/span><\/a><\/p>\n","protected":false},"author":1,"featured_media":0,"comment_status":"open","ping_status":"open","sticky":false,"template":"","format":"standard","meta":[],"categories":[16,20],"tags":[],"_links":{"self":[{"href":"https:\/\/willizblog.de\/index.php?rest_route=\/wp\/v2\/posts\/6804"}],"collection":[{"href":"https:\/\/willizblog.de\/index.php?rest_route=\/wp\/v2\/posts"}],"about":[{"href":"https:\/\/willizblog.de\/index.php?rest_route=\/wp\/v2\/types\/post"}],"author":[{"embeddable":true,"href":"https:\/\/willizblog.de\/index.php?rest_route=\/wp\/v2\/users\/1"}],"replies":[{"embeddable":true,"href":"https:\/\/willizblog.de\/index.php?rest_route=%2Fwp%2Fv2%2Fcomments&post=6804"}],"version-history":[{"count":0,"href":"https:\/\/willizblog.de\/index.php?rest_route=\/wp\/v2\/posts\/6804\/revisions"}],"wp:attachment":[{"href":"https:\/\/willizblog.de\/index.php?rest_route=%2Fwp%2Fv2%2Fmedia&parent=6804"}],"wp:term":[{"taxonomy":"category","embeddable":true,"href":"https:\/\/willizblog.de\/index.php?rest_route=%2Fwp%2Fv2%2Fcategories&post=6804"},{"taxonomy":"post_tag","embeddable":true,"href":"https:\/\/willizblog.de\/index.php?rest_route=%2Fwp%2Fv2%2Ftags&post=6804"}],"curies":[{"name":"wp","href":"https:\/\/api.w.org\/{rel}","templated":true}]}}