{"id":6808,"date":"2013-01-13T14:03:38","date_gmt":"2013-01-13T13:03:38","guid":{"rendered":"http:\/\/www.willizblog.de\/?p=6808"},"modified":"2013-01-13T14:03:38","modified_gmt":"2013-01-13T13:03:38","slug":"grun-weiser-maulwurf","status":"publish","type":"post","link":"https:\/\/willizblog.de\/?p=6808","title":{"rendered":"Gr\u00fcn-wei\u00dfer Maulwurf"},"content":{"rendered":"<p>Dieser Maulwurf, aus Ton gebrannt, steht lange schon in unserem Garten und ist \u201ain die Jahre\u2019 gekommen. Der Lack ist ab (im wahrsten Sinne des Wortes), die schwarze Farbe abgebl\u00e4ttert \u2013 er hat l\u00e4ngst Moos angesetzt. Und heute ist er durch einwenig Schnee wei\u00df gesprenkelt. Aber er h\u00e4lt immer noch die Arme hinter dem Kopf verschr\u00e4nkt (wie sollte er auch anders) und blickt in die Welt, als w\u00fcrde er sagen: Was soll\u2019s &#8211; jeder wird einmal alt!<\/p>\n<p><img src=\"https:\/\/www.willizblog.de\/images\/maulwurf_garten_2013_01.jpg\" alt=\"Gr\u00fcn-wei\u00dfer Maulwurf in AlbinZ Garten (Januar 2013)\" title=\"Gr\u00fcn-wei\u00dfer Maulwurf in AlbinZ Garten (Januar 2013)\" \/><\/p>\n<p>Nun, der Winter ist zur\u00fcckgekehrt. Wenig Schnee nur, aber Dauertemperaturen unter null Grad. Dazu auch wieder die Sonne, die sich lang genug verborgen hielt. Da schaut man doch gleich anders in die Welt hinaus \u2013 \u00e4hnlich dem Maulwurf in unserem Garten: So l\u00e4sst es sich leben &#8230;!<\/p>\n","protected":false},"excerpt":{"rendered":"<p>Dieser Maulwurf, aus Ton gebrannt, steht lange schon in unserem Garten und ist \u201ain die Jahre\u2019 gekommen. Der Lack ist ab (im wahrsten Sinne des Wortes), die schwarze Farbe abgebl\u00e4ttert \u2013 er hat l\u00e4ngst Moos angesetzt. Und heute ist er durch einwenig Schnee wei\u00df gesprenkelt. Aber er h\u00e4lt immer noch die Arme hinter dem Kopf &hellip; <a href=\"https:\/\/willizblog.de\/?p=6808\" class=\"more-link\"><span class=\"screen-reader-text\">Gr\u00fcn-wei\u00dfer Maulwurf<\/span> weiterlesen <span class=\"meta-nav\">&rarr;<\/span><\/a><\/p>\n","protected":false},"author":1,"featured_media":0,"comment_status":"open","ping_status":"open","sticky":false,"template":"","format":"standard","meta":[],"categories":[16],"tags":[],"_links":{"self":[{"href":"https:\/\/willizblog.de\/index.php?rest_route=\/wp\/v2\/posts\/6808"}],"collection":[{"href":"https:\/\/willizblog.de\/index.php?rest_route=\/wp\/v2\/posts"}],"about":[{"href":"https:\/\/willizblog.de\/index.php?rest_route=\/wp\/v2\/types\/post"}],"author":[{"embeddable":true,"href":"https:\/\/willizblog.de\/index.php?rest_route=\/wp\/v2\/users\/1"}],"replies":[{"embeddable":true,"href":"https:\/\/willizblog.de\/index.php?rest_route=%2Fwp%2Fv2%2Fcomments&post=6808"}],"version-history":[{"count":0,"href":"https:\/\/willizblog.de\/index.php?rest_route=\/wp\/v2\/posts\/6808\/revisions"}],"wp:attachment":[{"href":"https:\/\/willizblog.de\/index.php?rest_route=%2Fwp%2Fv2%2Fmedia&parent=6808"}],"wp:term":[{"taxonomy":"category","embeddable":true,"href":"https:\/\/willizblog.de\/index.php?rest_route=%2Fwp%2Fv2%2Fcategories&post=6808"},{"taxonomy":"post_tag","embeddable":true,"href":"https:\/\/willizblog.de\/index.php?rest_route=%2Fwp%2Fv2%2Ftags&post=6808"}],"curies":[{"name":"wp","href":"https:\/\/api.w.org\/{rel}","templated":true}]}}