{"id":6825,"date":"2013-01-18T09:45:49","date_gmt":"2013-01-18T08:45:49","guid":{"rendered":"http:\/\/www.willizblog.de\/?p=6825"},"modified":"2013-01-18T10:01:44","modified_gmt":"2013-01-18T09:01:44","slug":"requiem-fur-vier-verstorbene","status":"publish","type":"post","link":"https:\/\/willizblog.de\/?p=6825","title":{"rendered":"Requiem f\u00fcr vier Verstorbene"},"content":{"rendered":"<p>Letzte Woche Donnerstag besuchte ich die Gr\u00e4ber meiner Eltern in Bremen auf dem <a href=\"https:\/\/de.wikipedia.org\/wiki\/Waller_Friedhof\" target=\"_blank\">Waller Friedhof<\/a> (<a href=\"https:\/\/www.willizblog.de\/?p=2914\" target=\"_blank\">Eine Kerze f\u00fcr Opa Hermann<\/a> und <a href=\"https:\/\/www.willizblog.de\/?p=3869\" target=\"_blank\">Eine Kerze f\u00fcr Oma Maria<\/a>). An diesem Sonntag n\u00e4mlich j\u00e4hrt sich bereits der Todestag meiner Mutter zum 2. Mal. Es war ungem\u00fctlich an dem Tag, da feucht und kalt.<\/p>\n<p>Nun erfuhr ich, dass genau an diesem Tag, den 10. Januar 2013, <a href=\"https:\/\/de.wikipedia.org\/wiki\/Claude_Nobs\" target=\"_blank\">Claude Nobs<\/a>, der Mitbegr\u00fcnder und Spiritus rector des <a href=\"https:\/\/de.wikipedia.org\/wiki\/Montreux_Jazz_Festival\" target=\"_blank\">Montreux Jazz Festivals<\/a>, im Alter von 76 Jahren <a href=\"http:\/\/www.zeit.de\/kultur\/musik\/2013-01\/claude-nobs-montreux\" target=\"_blank\">verstorben<\/a> ist. Nobs war w\u00e4hrend einer Langlauf-Tour am Heiligabend gest\u00fcrzt. Er musste im Universit\u00e4tskrankenhaus in Lausanne operiert werden. Dabei fiel er ins Koma.<\/p>\n<p>Claude Nobs holte all die Gr\u00f6\u00dfen der Musik, ob aus Jazz, Rock, Pop oder Klassik in die kleine Stadt <a href=\"https:\/\/de.wikipedia.org\/wiki\/Montreux\" target=\"_blank\">Montreux<\/a> am Genfersee. So war auch Ian Anderson mit seiner Gruppe <a href=\"https:\/\/www.youtube.com\/results?search_query=jethro+tull+montreux\" target=\"_blank\">Jethro Tull \u00f6fter beim Montreux Jazz Festival<\/a> vertreten, 1970 zum ersten Mal, dann 2003 und zuletzt im letzten Jahr:<\/p>\n<p><iframe loading=\"lazy\" width=\"540\" height=\"304\" src=\"https:\/\/www.youtube.com\/embed\/BUxR1wDwVck\" frameborder=\"0\" allowfullscreen><\/iframe><br \/>\nJethro Tull&#8217;s Ian Anderson &#038; Claude Nobs, Montreux Jazz Festival 2012<br \/>\n(<a href=\"https:\/\/www.youtube.com\/watch?v=-B4rke52f1I\" target=\"_blank\">3D-Version<\/a> des Videos)<\/p>\n<p>Jethro Tull-Fans werden Claude Nobs au\u00dferdem durch seine Ansage am Anfang des <a href=\"https:\/\/en.wikipedia.org\/wiki\/Bursting_Out\" target=\"_blank\">Bursting Out-Livealbums<\/a> kennen: \u00ab\u2026herzlich willkommen in Festhalle Bern!\u00bb:<\/p>\n<p><iframe loading=\"lazy\" width=\"420\" height=\"315\" src=\"https:\/\/www.youtube.com\/embed\/RkpcEqJ5Gl8\" frameborder=\"0\" allowfullscreen><\/iframe><br \/>\nClaude Nobs&#8216; Introduction to Jethro Tull <\/p>\n<p><img src=\"https:\/\/www.willizblog.de\/blogpicts\/stones_ian_anderson_claude_nobs.jpg\" alt=\"Ian Anderson mit Claude Nobs &#038; Keith Richard und Ron Wood von den Stones\" title=\"Ian Anderson mit Claude Nobs &#038; Keith Richard und Ron Wood von den Stones\" \/><br \/>\nIan Anderson mit Claude Nobs &#038; Keith Richard und Ron Wood von den Stones<\/p>\n<p><iframe loading=\"lazy\" width=\"540\" height=\"304\" src=\"https:\/\/www.youtube.com\/embed\/KZaDdPfiu04\" frameborder=\"0\" allowfullscreen><\/iframe><br \/>\nJethro Tull: Requiem (\u2018Minstrel in the Gallery\u2019)<\/p>\n<p>Einen Tag vor dem Unfall von Claude Nobs verstarb Margret Schall im Alter von 71 Jahren. Frau Schall war jahrelang Lehrerin an der <a href=\"http:\/\/www.gs-tostedt.de\/\" target=\"_blank\">Grundschule in Tostedt<\/a>. Bereits meine Frau hatte sie als Lehrerin. Dann war sie Klassenlehrerin meines \u00e4lteren Sohnes. Frau Schall war mit Herz und Seele P\u00e4dagogin. Die Kinder mochten sie, dann sie war eher zur\u00fcckhaltend, hatte aber eine nat\u00fcrliche Autorit\u00e4t und konnte die Kinder f\u00fcr vieles begeistern. Eine Trauerfeier fand bereits am 3. Januar 2013 in der Friedhofskapelle Tostedt statt.<\/p>\n<ul><img src=\"https:\/\/www.willizblog.de\/images\/schall_margret_todesanzeige.gif\" alt=\"Todesanzeige: Margret Schall, Tostedt\" title=\"Todesanzeige: Margret Schall, Tostedt\" \/><\/ul>\n","protected":false},"excerpt":{"rendered":"<p>Letzte Woche Donnerstag besuchte ich die Gr\u00e4ber meiner Eltern in Bremen auf dem Waller Friedhof (Eine Kerze f\u00fcr Opa Hermann und Eine Kerze f\u00fcr Oma Maria). An diesem Sonntag n\u00e4mlich j\u00e4hrt sich bereits der Todestag meiner Mutter zum 2. Mal. Es war ungem\u00fctlich an dem Tag, da feucht und kalt. Nun erfuhr ich, dass genau &hellip; <a href=\"https:\/\/willizblog.de\/?p=6825\" class=\"more-link\"><span class=\"screen-reader-text\">Requiem f\u00fcr vier Verstorbene<\/span> weiterlesen <span class=\"meta-nav\">&rarr;<\/span><\/a><\/p>\n","protected":false},"author":1,"featured_media":0,"comment_status":"open","ping_status":"open","sticky":false,"template":"","format":"standard","meta":[],"categories":[66,9,5,11],"tags":[],"_links":{"self":[{"href":"https:\/\/willizblog.de\/index.php?rest_route=\/wp\/v2\/posts\/6825"}],"collection":[{"href":"https:\/\/willizblog.de\/index.php?rest_route=\/wp\/v2\/posts"}],"about":[{"href":"https:\/\/willizblog.de\/index.php?rest_route=\/wp\/v2\/types\/post"}],"author":[{"embeddable":true,"href":"https:\/\/willizblog.de\/index.php?rest_route=\/wp\/v2\/users\/1"}],"replies":[{"embeddable":true,"href":"https:\/\/willizblog.de\/index.php?rest_route=%2Fwp%2Fv2%2Fcomments&post=6825"}],"version-history":[{"count":0,"href":"https:\/\/willizblog.de\/index.php?rest_route=\/wp\/v2\/posts\/6825\/revisions"}],"wp:attachment":[{"href":"https:\/\/willizblog.de\/index.php?rest_route=%2Fwp%2Fv2%2Fmedia&parent=6825"}],"wp:term":[{"taxonomy":"category","embeddable":true,"href":"https:\/\/willizblog.de\/index.php?rest_route=%2Fwp%2Fv2%2Fcategories&post=6825"},{"taxonomy":"post_tag","embeddable":true,"href":"https:\/\/willizblog.de\/index.php?rest_route=%2Fwp%2Fv2%2Ftags&post=6825"}],"curies":[{"name":"wp","href":"https:\/\/api.w.org\/{rel}","templated":true}]}}