{"id":683,"date":"2006-12-07T00:08:17","date_gmt":"2006-12-06T22:08:17","guid":{"rendered":"http:\/\/www.albinz.de\/blog\/?p=683"},"modified":"2006-12-06T12:31:23","modified_gmt":"2006-12-06T10:31:23","slug":"was-ist-blos-mit-ian-los-teil-35-christmas-album","status":"publish","type":"post","link":"https:\/\/willizblog.de\/?p=683","title":{"rendered":"Was ist blo\u00df mit Ian los? Teil 35: Christmas Album"},"content":{"rendered":"<p><em>Hallo Wilfried,<\/em><\/p>\n<p><em>ich hoffe, dass Ihr den Kindergeburtstag (darf man das noch sagen ?) gut \u00fcberstanden habt.<\/em><\/p>\n<p><em>Deine getr\u00fcbte Vorfreude auf den 26.12. kann ich nachvollziehen. Feiern im gro\u00dfen Kreise liegen mir auch nicht. Heute Abend haben meine Eltern ihren Hochzeitstag gefeiert. Nur im kleinen Kreis: Ihre Kinder und deren Familien. Das war ein sch\u00f6ner gem\u00fctlicher Abend. Mein Vater hatte seinerzeit seinen 60. Geburtstag in gro\u00dfer Familienrunde gefeiert. Das hat ihm so gefallen, dass er an eine Feier zum 70. Geburtstag nicht einmal gedacht hat.<\/em><\/p>\n<p><em>Wenn Mr. Anderson sein Outfit f\u00fcr Maria Laach mit der selben Sorgfalt ausw\u00e4hlt wie 2004 in Neapel, bin ich sehr zufrieden.<\/em><\/p>\n<p><em>Zum Stichwort Barrett muss ich gestehen, dass ich nicht exakt das Gleiche erworben habe wie der Meister. Meines f\u00e4llt etwas schlichter aus und der Bommel fehlt. Der Schlagzeuger aus dem Drehscheiben-Auftritt ist mir vollkommen fremd. Halt einer von ungez\u00e4hlten ehemaligen Bandmitgliedern.<\/em><\/p>\n<p><em>Ich habe mir Francis&#8216; Playback-Auftritte angesehen. Wirklich, gar nicht mal schlecht. Ich habe Profis erlebt, die es nicht so gut hinbekamen. Auch sonst kann ich \u00fcber Francis nur staunen&#8230;<\/em><\/p>\n<p><em>Ich bestreite gar nicht, dass \u201eRoots to Branches\u201c gut gemacht ist. Die Arrangements und Leistungen der Musiker sind bestimmt klasse. Aber: Es gef\u00e4llt mir nicht. Auch nach mehrmaligem H\u00f6ren nicht. Es kostet mich jedesmal \u00dcberwindung, diese CD einzulegen. Aber damit kann ich leben. Mittlerweile habe ich akzeptiert, dass Mr. Anderson andere musikalische Ziele hat, als nur meinen Geschmack zu bedienen. Er hat eine Handvoll Alben gemacht, die mein Leben bereichert haben und daf\u00fcr danke ich ihm. <\/em><\/p>\n<p><em>Noch einmal zur Menschheitsgeschichte: Auch bei mir gibt es eine innere Liste von Menschen, denen ich gerne begegnet w\u00e4re: Albert Einstein, Konrad Lorenz, William Wallace, Hannibal&#8230; Vielleicht ergibt sich im jenseitigen Leben eine M\u00f6glichkeit dazu, wer wei\u00df ? Bevor Johannes Paul I. auf dem Stuhl Petri Platz nahm, hat er unter seinem b\u00fcrgerlichen Namen Albino Luciani f\u00fcr eine italienische Zeitung eine kleine Serie geschrieben. Es waren fiktive Briefe an verstorbene Pers\u00f6nlichkeiten der Geschichte. Diese Briefe sind sp\u00e4ter in einem kleinen Buch zusammengefasst worden: Ihr ergebener Albino Luciani. Dieses Buch ist wirklich sehr sch\u00f6n zu lesen. Ich glaube, ich werde in meinem Schrank noch einmal danach suchen.<\/em><\/p>\n<p><em>Die Weihnachtsgeschenke f\u00fcr die Familie besorgt meine Frau dankenswerterweise. Mir bleibt nur noch, ein Geschenk f\u00fcr meine Frau zu besorgen. Das ist mir heute Nachmittag gelungen. Jetzt fehlt nur noch das Geschenk f\u00fcr ihren Geburtstag.<\/em><\/p>\n<p><em>Du hast also einen neuen Bildschirm. Lass&#8216; mich raten: Ein Samsung TFT 19&#8243;. Mein R\u00f6hrenger\u00e4t ist jetzt \u00fcber sechs Jahre alt. Ein No-Name &#8211; Produkt aus dem Supermarkt. Dummerweise (h\u00e4tte ich fast gesagt) funktioniert er wie am ersten Tag. Ist aber ganz gut so; ein Breitwand-Bildschirm ist mit einem Schmalspur-Konto nicht kompatibel.<\/em><\/p>\n<p><em>Falls es Dir in den n\u00e4chsten Tagen und Wochen gelingen sollte, in einer besinnlichen Minute an den eigentlichen Zweck von Weihnachten zu denken, musst Du mir unbedingt verraten, wie Du das geschafft hast. Ich \u00e4rgere mich jedes Jahr \u00fcber die galoppierende S\u00e4kularisierung des Festes und jedes Jahr mache ich beim Tanz um den Mammon ganz brav mit.<\/em><\/p>\n<p><em>Eine ertr\u00e4gliche Woche w\u00fcnscht Euch <\/em><br \/>\n<em>Lockwood<\/em><\/p>\n<p>03.12.2006<\/p>\n<p>~~~~~~~~~~~~~~~~~~~~~~~~~~~~~~~~~~~~~~~~~~~~~~~~~~~~~~~~~~~~~~~~~~~~<\/p>\n<p><em>Hallo Lockwood,<\/em><\/p>\n<p><em>den Geburtstag meines gro\u00dfen Sohnes haben wir alle gut \u00fcberstanden. Es gab keine jugendlichen Ausraster und dergleichen. Ohne Alkohol ging es leider nicht. Aber alles in Ma\u00dfen, sodass auch alle heil nach Hause kamen.<\/em><\/p>\n<p><em>Ja, \u00fcberhaupt diese Familienfeiern. Ich bin froh, wenn alles hinter uns gebracht ist und ich mit meinen Lieben wieder Ruhe finde. Leider l\u00e4sst sich nicht alles vermeiden. Und \u00fcberhaupt Weihnachten. Ich bin noch sehr weit davon entfernt, weihnachtliche Gef\u00fchle zu entwickeln. Liegt nicht nur am Wetter.<\/em><\/p>\n<p><em>Mein neuer Bildschirm ist zwar nicht von Samsung, sondern von Philips, aber sonst hast Du Recht. ein flacher 19-Z\u00f6ller. Immerhin habe ich meinen Rechner \u201eauf Vordermann\u201c gebracht. Er l\u00e4uft wieder normal. Irgendwie hatte er Probleme mit einem DVD-Laufwerk, das dazu f\u00fchrte, dass der ganze Rechner abst\u00fcrzte. Jetzt darf er gern noch ein bis zwei Jahre halten. Technisch gab es in letzter Zeit ja nicht so gro\u00dfe Spr\u00fcnge.<\/em><\/p>\n<p><em><a href=\"https:\/\/www.albinz.net\/jethrotull\/jt_xmas.html\" target=\"_blank\">Weihnachten<\/a> steht also vor der T\u00fcr. Hast Du eigentlich das \u201eChristmas Album\u201c von Jethro Tull? Es sind ja vorwiegend \u00e4ltere Lieder, die neu aufgenommen wurden. Aber es enth\u00e4lt auch neue. Bis auf den Instrumentaltitel \u201eGod Rest Ye Merry Gentlemen\u201c (klingt mir zu Oldtime-Jazz-m\u00e4\u00dfig) finde ich die Scheibe ganz okay und werde sie \u00f6fter in dieser Vorweihnachtszeit anh\u00f6ren.<\/em><\/p>\n<table border=\"0\" cellpadding=\"0\" cellspacing=\"0\" width=\"100%\">\n<tr>\n<td width=\"50%\" align=\"center\"><img loading=\"lazy\" border=\"0\" src=\"https:\/\/www.albinz.net\/images\/aqualung_kl.jpg\" alt=\"Aqualung\" width=\"250\" height=\"246\"><\/td>\n<td width=\"50%\" align=\"center\"><img loading=\"lazy\" border=\"0\" src=\"https:\/\/www.albinz.net\/images\/aquaclaus_kl.jpg\" alt=\"Aquaclaus\" width=\"250\" height=\"246\"><\/td>\n<\/tr>\n<\/table>\n<p><em>40 Jahre Jethro Tull \u2013 das d\u00fcrfte wohl erst 2008 sein. Laut der Tull-Biographie auf der offiziellen <a href=\"http:\/\/www.jethrotull.com\/press\/index.html\" target=\"_blank\">Tull-Website<\/a> hei\u00dft es dort:<\/em><\/p>\n<p>In the latter months of <strong>1967<\/strong>, four shaggy wannabe&#8217;s congregated in the Southern UK town of Luton, Bedfordshire.  From the debris of the disillusioned and disintegrated John Evan Band and McGregor&#8217;s Engine, the na\u00efve, untutored talents of Ian Anderson, Mick Abrahams, Glenn Cornick and Clive Bunker tentatively coalesced to form the original Jethro Tull line-up.<\/p>\n<p>After fulfilling a few remaining dates under the John Evan banner, the group established themselves as Jethro Tull, new resident band at London&#8217;s famous Marquee club, albeit after a few false start identities (&#8222;Navy Blue&#8220;, &#8222;Ian Henderson&#8217;s Bag &#8218;o Blues&#8220;, Jethro Toe&#8220; and the certainly suicidal &#8222;Candy Coloured Rain&#8220;).<\/p>\n<p>By <strong>March 1968<\/strong>, they had built a following as the new face of the blues-based British underground music scene. Lines stretched around the block on a Thursday night when they performed at the Marquee.  Ian Anderson would typically join the line as if to buy a ticket himself wearing the shabby hand-me-down overcoat which was to become his trademark for the next few years.  Often, he would be seen with a Woolworth&#8217;s carrier bag containing flute, harmonicas, alarm clock and hot water bottle, in strange precursor role of the Aqualung\/tramp persona. <\/p>\n<p><em>Also in den letzten Monaten des Jahres 1967 \u201aversammelten\u2019 sich die Gr\u00fcndungsmitglieder in Luton, hatten unter dem John Evan \u201aBanner\u2019 noch einige Termine zu erf\u00fcllen, um dann nach einigen Fehlstarts als Jethro Tull ab M\u00e4rz 1968 im Marquee Club zu London erste Erfolge zu verzeichnen.<\/em><\/p>\n<p><em>In den FAQs auf der Tull-Site steht:<\/em><\/p>\n<p>Back in <strong>February, 1968,<\/strong> we had many different names which usually changed every week, since we were so bad that we had to pretend to be some new band in order to get re-booked in the clubs where we aspired to find fame and fortune. Our agent, who had studied History at college, came up with the name Jethro Tull (an eighteenth century English agricultural pioneer who invented the seed drill). That was the band name during the week in which London&#8217;s famous Marquee Club offered us the Thursday night residency. So it stuck. Is it too late to change? I thought so.<\/p>\n<p><em>Also Ende 1967 spielten Anderson, Abrahams, Cornick und Bunker bereits zusammen. Den Namen Jethro Tull hat die Gruppe ab M\u00e4rz 1968 und brauchte ihn nicht mehr zu \u00e4ndern, weil sich pl\u00f6tzlich lange Schlangen vor dem Marquee bildeten. Wie gut, dass die Gruppe da nicht &#8222;Navy Blue&#8220; oder &#8222;Candy Coloured Rain\u201d (wirklich selbstm\u00f6rderisch) hie\u00df (\u201eMarineblau\u201c bzw. \u201ebonbonfarbener Regen\u201c, na toll).<\/em><\/p>\n<p><em>Das \u201e20th Anniversary box set\u201c (bzw. die Doppel-Scheibe \u201e20 Years of Jethro Tull\u201c) ist 1988 und das \u201e25th Anniversary box set\u201c 1993 erschienen \u2013 ausgehend vom Jahre 1968. Wir m\u00fcssen uns also noch bis 2008 gedulden, um 40 Jahre Jethro Tull zu feiern. Hoffen wir nur, dass es bis dahin die Gruppe noch gibt. Ansonsten m\u00fcssten wir noch ein Jahr warten, um Andersons 45. Jahrestag als Musikant zu feiern<\/em> (\u201cIan Anderson, known throughout the world of rock music as the flute and voice behind the legendary Jethro Tull, celebrates his 41st year as a recording and concert musician in 2004.\u201d aus: Ian Anderson Biography, Jan. 2004).<\/p>\n<p><em>Ab und zu st\u00f6bere ich auch bei Jan Voorbij (<a href=\"http:\/\/www.cupofwonder.com\/index2.html\" target=\"_blank\">cupofwonder.com<\/a>). Seine Anmerkungen zu den Tull-Liedern sind wirklich bemerkenswert. Da kommen wir lange nicht heran. \u201aLeider\u2019 auf Englisch, da muss man schon \u00f6fter im Dictionary nachschlagen. Wir waren ja eine l\u00e4ngere Zeit mit David resp. Dee Palmer besch\u00e4ftigt. Hast Du gewusst, dass Palmer <a href=\"http:\/\/www.cupofwonder.com\/minstrel.html\" target=\"_blank\">die einleitenden Worte<\/a> zu \u201eMinstrel in the Gallery\u201c gesprochen hat?<\/em><\/p>\n<p><em>Bei Jan Voorbij (wie spricht sich der Name eigentlich aus? Wie das deutsche \u201evorbei\u201c?) steht:<\/em><\/p>\n<p>[David Palmer &#8211; spoken intro] :<\/p>\n<p>&#8218;My lord and lady, we have fortuitously happended upon these, er, strolling players, who will provide you with, er, goodly tunes while you set about your prandial delights&#8230;albeit in the lamentable absence of your guests. So, my lord and lady, for your entertainment!&#8230;..&#8216;<\/p>\n<p><em>Ich dachte immer, Anderson selbst spricht diese Einleitung.<\/em><\/p>\n<p><em>Ja, der Tanz um den Mammon. Heute habe ich die letzte Order f\u00fcr ein Geschenk f\u00fcr meine Frau aufgegeben (sie ist leidenschaftliche B\u00e4rchen-Sammlerin und ich habe noch einen sch\u00f6nen Teddyb\u00e4ren gefunden). Das war es dann auch. Hoffentlich bleibt noch etwas vom Weihnachtsgeld \u00fcbrig, um es f\u00fcr den Urlaub 2007 zur\u00fcckzulegen. Ich will mit meinen Lieben noch einmal nach <a href=\"https:\/\/www.albinz.net\/grainau.html\" target=\"_blank\">Grainau<\/a>, wenn auch nur f\u00fcr zwei Wochen. Morgen haben wir in der Firma Weihnachtsfeier. Eigentlich wollte ich mich da d\u00fcnne machen (die Feier wird vom Betriebsrat veranstaltet), aber ich will keine Schw\u00e4che zeigen und werde mich f\u00fcr 1 bis 2 Stunden in unsere Kantine bequemen, mir den Magen voll schlagen und dann gen Heimat ziehen. Weihnachtliche Besinnung muss ich dann auf sp\u00e4ter verschieben.<\/em><\/p>\n<p><em>Bereits heute Dir und Deinen Lieben einen sch\u00f6nen 2. Advent<\/em><br \/>\n<em>Wilfried<\/em><\/p>\n<p>06.12.2006<\/p>\n<p><a href=\"http:\/\/babelfish.altavista.com\/babelfish\/trurl_pagecontent?url=https:\/\/www.willizblog.de\/?p=683&#038;lp=de%5Fen\" target=\"_blank\">English Translation for Ian Anderson<\/a><\/p>\n","protected":false},"excerpt":{"rendered":"<p>Hallo Wilfried, ich hoffe, dass Ihr den Kindergeburtstag (darf man das noch sagen ?) gut \u00fcberstanden habt. Deine getr\u00fcbte Vorfreude auf den 26.12. kann ich nachvollziehen. Feiern im gro\u00dfen Kreise liegen mir auch nicht. Heute Abend haben meine Eltern ihren Hochzeitstag gefeiert. Nur im kleinen Kreis: Ihre Kinder und deren Familien. Das war ein sch\u00f6ner &hellip; <a href=\"https:\/\/willizblog.de\/?p=683\" class=\"more-link\"><span class=\"screen-reader-text\">Was ist blo\u00df mit Ian los? Teil 35: Christmas Album<\/span> weiterlesen <span class=\"meta-nav\">&rarr;<\/span><\/a><\/p>\n","protected":false},"author":6,"featured_media":0,"comment_status":"closed","ping_status":"closed","sticky":false,"template":"","format":"standard","meta":[],"categories":[43],"tags":[],"_links":{"self":[{"href":"https:\/\/willizblog.de\/index.php?rest_route=\/wp\/v2\/posts\/683"}],"collection":[{"href":"https:\/\/willizblog.de\/index.php?rest_route=\/wp\/v2\/posts"}],"about":[{"href":"https:\/\/willizblog.de\/index.php?rest_route=\/wp\/v2\/types\/post"}],"author":[{"embeddable":true,"href":"https:\/\/willizblog.de\/index.php?rest_route=\/wp\/v2\/users\/6"}],"replies":[{"embeddable":true,"href":"https:\/\/willizblog.de\/index.php?rest_route=%2Fwp%2Fv2%2Fcomments&post=683"}],"version-history":[{"count":0,"href":"https:\/\/willizblog.de\/index.php?rest_route=\/wp\/v2\/posts\/683\/revisions"}],"wp:attachment":[{"href":"https:\/\/willizblog.de\/index.php?rest_route=%2Fwp%2Fv2%2Fmedia&parent=683"}],"wp:term":[{"taxonomy":"category","embeddable":true,"href":"https:\/\/willizblog.de\/index.php?rest_route=%2Fwp%2Fv2%2Fcategories&post=683"},{"taxonomy":"post_tag","embeddable":true,"href":"https:\/\/willizblog.de\/index.php?rest_route=%2Fwp%2Fv2%2Ftags&post=683"}],"curies":[{"name":"wp","href":"https:\/\/api.w.org\/{rel}","templated":true}]}}