{"id":6830,"date":"2013-01-19T12:16:10","date_gmt":"2013-01-19T11:16:10","guid":{"rendered":"http:\/\/www.willizblog.de\/?p=6830"},"modified":"2013-01-19T12:16:10","modified_gmt":"2013-01-19T11:16:10","slug":"landtagswahlen-in-niedersachsen-2013","status":"publish","type":"post","link":"https:\/\/willizblog.de\/?p=6830","title":{"rendered":"Landtagswahlen in Niedersachsen 2013"},"content":{"rendered":"<p>Morgen ist es soweit: In Niedersachsen finden die <a href=\"https:\/\/de.wikipedia.org\/wiki\/Landtagswahl_in_Niedersachsen_2013\" target=\"_blank\">Wahlen zum 17. Nieders\u00e4chsischen Landtag<\/a> statt. Kann man den <a href=\"https:\/\/de.wikipedia.org\/wiki\/Landtagswahl_in_Niedersachsen_2013#Umfragen\" target=\"_blank\">neuesten Umfragen<\/a> trauen, dann l\u00e4uft alles auf ein Patt zwischen Rot-Gr\u00fcn und Schwarz-Gelb hinaus: Ein Wahlkrimi wird es allemal.<\/p>\n<p>F\u00fcr mich hat Herr R\u00f6sler und die FDP in Niedersachsen ausgedient. Ich denke, dass der FDP selbst Leihstimmen aus dem CDU-Lager nicht gen\u00fcgen werden, um in den Landtag einzuziehen. Auch die Linke und die Piratenpartei d\u00fcrften es nicht schaffen. Dann w\u00e4re der Weg allerdings frei f\u00fcr die Abl\u00f6sung der bisherigen Landesregierung unter David McAllister durch eine rot-gr\u00fcne Koalition unter dem bisherigen hannoverschen B\u00fcrgermeister Stephan Weil. Alles h\u00e4ngt also am Ende von der FDP ab. Schlimm genug &#8230;<\/p>\n<p>Ich selbst w\u00e4hle im <a href=\"https:\/\/de.wikipedia.org\/wiki\/Landtagswahlkreis_Buchholz\" target=\"_blank\">Wahlkreis 52 Buchholz<\/a>. Hier ist wie bisher zu bef\u00fcrchten, dass Herr <a href=\"https:\/\/www.willizblog.de\/index.php?s=sch%C3%B6necke\" target=\"_blank\">Heiner Sch\u00f6necke, CDU<\/a>, das Rennen um das Direktmandat macht. F\u00fcr die SPD tritt bei uns <a href=\"http:\/\/udo-heitmann.de\/\" target=\"_blank\">Udo Heitmann<\/a> an, der mir bisher unbekannt geblieben ist. Aus der Ferne bekannt ist mir nur <a href=\"http:\/\/wiki.piratenpartei.de\/Benutzer:Dunehopper\" target=\"_blank\">Gerret Bachmann von den Piraten<\/a>, mit dem ich mich gelegentlich \u00fcber <a href=\"https:\/\/twitter.com\/@Dunehopper\" target=\"_blank\">Twitter<\/a> austausche.<\/p>\n<p><img loading=\"lazy\" border=\"0\" src=\"https:\/\/pbs.twimg.com\/media\/BA1Xl4ACUAAX_pL.jpg\" alt=\"... dann doch lieber die Piraten!\" title=\"... dann doch lieber die Piraten!\" width=\"360\" height=\"480\"><\/p>\n<p>F\u00fcr Spannung ist also gesorgt. Mit der Niedersachsenwahl d\u00fcrften sicherlich auch die Weichen f\u00fcr die im Herbst stattfindende Bundestagswahl gestellt werden.<\/p>\n<p>siehe auch: <a href=\"http:\/\/www.landeswahlleiter.niedersachsen.de\/portal\/live.php?navigation_id=6743&#038;article_id=100052&#038;_psmand=21\" target=\"_blank\">Nieders\u00e4chsische Landeswahlleiterin<\/a><\/p>\n","protected":false},"excerpt":{"rendered":"<p>Morgen ist es soweit: In Niedersachsen finden die Wahlen zum 17. Nieders\u00e4chsischen Landtag statt. Kann man den neuesten Umfragen trauen, dann l\u00e4uft alles auf ein Patt zwischen Rot-Gr\u00fcn und Schwarz-Gelb hinaus: Ein Wahlkrimi wird es allemal. F\u00fcr mich hat Herr R\u00f6sler und die FDP in Niedersachsen ausgedient. Ich denke, dass der FDP selbst Leihstimmen aus &hellip; <a href=\"https:\/\/willizblog.de\/?p=6830\" class=\"more-link\"><span class=\"screen-reader-text\">Landtagswahlen in Niedersachsen 2013<\/span> weiterlesen <span class=\"meta-nav\">&rarr;<\/span><\/a><\/p>\n","protected":false},"author":1,"featured_media":0,"comment_status":"open","ping_status":"open","sticky":false,"template":"","format":"standard","meta":[],"categories":[11,29],"tags":[],"_links":{"self":[{"href":"https:\/\/willizblog.de\/index.php?rest_route=\/wp\/v2\/posts\/6830"}],"collection":[{"href":"https:\/\/willizblog.de\/index.php?rest_route=\/wp\/v2\/posts"}],"about":[{"href":"https:\/\/willizblog.de\/index.php?rest_route=\/wp\/v2\/types\/post"}],"author":[{"embeddable":true,"href":"https:\/\/willizblog.de\/index.php?rest_route=\/wp\/v2\/users\/1"}],"replies":[{"embeddable":true,"href":"https:\/\/willizblog.de\/index.php?rest_route=%2Fwp%2Fv2%2Fcomments&post=6830"}],"version-history":[{"count":0,"href":"https:\/\/willizblog.de\/index.php?rest_route=\/wp\/v2\/posts\/6830\/revisions"}],"wp:attachment":[{"href":"https:\/\/willizblog.de\/index.php?rest_route=%2Fwp%2Fv2%2Fmedia&parent=6830"}],"wp:term":[{"taxonomy":"category","embeddable":true,"href":"https:\/\/willizblog.de\/index.php?rest_route=%2Fwp%2Fv2%2Fcategories&post=6830"},{"taxonomy":"post_tag","embeddable":true,"href":"https:\/\/willizblog.de\/index.php?rest_route=%2Fwp%2Fv2%2Ftags&post=6830"}],"curies":[{"name":"wp","href":"https:\/\/api.w.org\/{rel}","templated":true}]}}