{"id":6833,"date":"2013-01-21T09:45:16","date_gmt":"2013-01-21T08:45:16","guid":{"rendered":"http:\/\/www.willizblog.de\/?p=6833"},"modified":"2013-01-23T09:16:27","modified_gmt":"2013-01-23T08:16:27","slug":"knapper-sieg-fur-rotgrun-in-niedersachsen","status":"publish","type":"post","link":"https:\/\/willizblog.de\/?p=6833","title":{"rendered":"Knapper Sieg f\u00fcr Rot\/Gr\u00fcn in Niedersachsen"},"content":{"rendered":"<p>Auch wenn es am Ende ganz knapp war, SPD und Gr\u00fcne l\u00f6sen mit einem Mandat mehr im nieders\u00e4chsischen Landtag die bisherige schwarze-gelbe Regierung von David McAllister ab. Nach dem vorl\u00e4ufigen amtlichen Endergebnis hat Rot-Gr\u00fcn 12409 W\u00e4hlerstimmen mehr als CDU\/FDP erhalten.<\/p>\n<p>Dabei war nach Bekanntwerden der ersten Hochrechnungen die Freude bei der FDP gro\u00df. Mit am Ende 9,9 % erzielte sie ihr <a href=\"https:\/\/de.wikipedia.org\/wiki\/Landtagswahlen_in_Niedersachsen#.C3.9Cbersicht_der_Ergebnisse\" target=\"_blank\">bisher bestes Ergebnis in Niedersachsen<\/a>. Dass dieses Ergebnis nicht Lohn guter Politik ist, sondern allein durch Leihstimmen aus Reihen der CDU zustande kam, scheint die FDP nicht zu st\u00f6ren. Gen\u00fctzt hat diese bedenkliche Leihstimmenkampagne trotzdem nichts (bedenklich, weil hier eindeutig die <a href=\"https:\/\/de.wikipedia.org\/wiki\/F%C3%BCnf-Prozent-H%C3%BCrde_in_Deutschland#Landtagswahlen\" target=\"_blank\">gesetzlich festgelegte 5 %-Klausel<\/a> hintergangen wurde \u2013 ob diese Sperrklausel noch zeitgem\u00e4\u00df ist, ist ein anderes Thema). Frau Merkel wird es sich \u00fcberlegen m\u00fcssen, ob sie im Herbst bei der Bundestagswahl ebenfalls den Liberalen Leihstimmen zukommen l\u00e4sst. Das gute Ergebnis der FDP t\u00e4uscht nur dar\u00fcber hinweg, dass R\u00f6sler, Westerwelle, Br\u00fcderle und Co. bisher nur \u00fcberleben, weil sie am Tropf der CDU h\u00e4ngen. Todgeweihte leben leider oft l\u00e4nger, als man glaubt; die FDP hat aber trotzdem ausgedient.<\/p>\n<p>Nach den ersten Hochrechnungen, die zeigten, dass die FDP deutlich \u00fcber 5 % liegt, ging ich davon aus, dass McAllister trotz der sich abzeichnenden Patt-Situation auch weiterhin die Regierung stellen wird, da mit zus\u00e4tzlichen \u00dcberhangmandaten f\u00fcr die CDU zu rechnen war. Um so erstaunter war dann doch \u00fcber den, wenn auch knappen Wahlsieg von SPD und Gr\u00fcne. Interessant ist dabei, dass die CDU ihre 54 Sitze allein aus Direktmandaten (Erststimme) bezieht. Da <a href=\"https:\/\/de.wikipedia.org\/wiki\/Uwe_Sch%C3%BCnemann#Politische_Laufbahn\" target=\"_blank\">Uwe Sch\u00fcnemann<\/a>, noch amtierender Innenminister der CDU, seinen Wahlkreis Holzminden (Wahlkreis 20) an die SPD-Kandidatin Sabine Tippelt verlor, so wird er <a href=\"http:\/\/www.ndr.de\/fernsehen\/sendungen\/hallo_niedersachsen\/media\/hallonds13563.html\" target=\"_blank\">nicht im neuen Landtag vertreten<\/a> sein.<\/p>\n<p><a href=\"http:\/\/www.aktuelle-wahlen-niedersachsen.de\/LW2013\/Landtagswahl_2013.html\" target=\"_blank\"><strong>Vorl\u00e4ufiges amtliches Ergebnis der Landtagswahl am 20.01.2013<\/strong><\/a><\/p>\n<p>Der <a href=\"https:\/\/de.wikipedia.org\/wiki\/Landtagswahlkreis_Buchholz\" target=\"_blank\">Wahlkreis 52 Buchholz<\/a>, zu dem auch Tostedt geh\u00f6rt, hat <a href=\"https:\/\/www.willizblog.de\/?p=1087\" target=\"_blank\">wie bereits 2008<\/a> nat\u00fcrlich wieder einmal rustikal schwarz gew\u00e4hlt: Herr <a href=\"https:\/\/www.willizblog.de\/index.php?s=sch%C3%B6necke\" target=\"_blank\">Heiner Sch\u00f6necke<\/a> wird sich weiterhin bei Einweihungen, Grundsteinlegungen und B\u00fcrgermeistergeburtstagen in und um Buchholz und Tostedt satt essen und trinken d\u00fcrfen. H\u00e4tten Gr\u00fcne, Linke und Piraten auf  Direktkandidaten verzichtet und stattdessen den SPD-Kandidaten w\u00e4hlen lassen, der \u201abewegende Heiner\u2019 w\u00e4re erstmals in Bedr\u00e4ngnis gekommen.<\/p>\n<p><img src=\"https:\/\/www.willizblog.de\/images\/ltw2013_buchholz_52.jpg\" alt=\"Landtagswahl Niedersachsen 2013: Wahlkreis 52 Buchholz\" title=\"Landtagswahl Niedersachsen 2013: Wahlkreis 52 Buchholz\" \/><\/p>\n<p>Ergebnisse: Wahlkreis 52 Buchholz (Buchholz, Hollenstedt, Jesteburg, Tostedt)<br \/>\n<a href=\"http:\/\/wahlen.landkreis-harburg.de\/lw2013\/WK52\/LW2013-1.htm\" target=\"_blank\">Erststimmen<\/a> &#8211; <a href=\"http:\/\/wahlen.landkreis-harburg.de\/lw2013\/WK52\/LW2013-2.htm\" target=\"_blank\">Zweitstimmen<\/a><\/p>\n","protected":false},"excerpt":{"rendered":"<p>Auch wenn es am Ende ganz knapp war, SPD und Gr\u00fcne l\u00f6sen mit einem Mandat mehr im nieders\u00e4chsischen Landtag die bisherige schwarze-gelbe Regierung von David McAllister ab. Nach dem vorl\u00e4ufigen amtlichen Endergebnis hat Rot-Gr\u00fcn 12409 W\u00e4hlerstimmen mehr als CDU\/FDP erhalten. Dabei war nach Bekanntwerden der ersten Hochrechnungen die Freude bei der FDP gro\u00df. Mit am &hellip; <a href=\"https:\/\/willizblog.de\/?p=6833\" class=\"more-link\"><span class=\"screen-reader-text\">Knapper Sieg f\u00fcr Rot\/Gr\u00fcn in Niedersachsen<\/span> weiterlesen <span class=\"meta-nav\">&rarr;<\/span><\/a><\/p>\n","protected":false},"author":1,"featured_media":0,"comment_status":"open","ping_status":"open","sticky":false,"template":"","format":"standard","meta":[],"categories":[11,29],"tags":[],"_links":{"self":[{"href":"https:\/\/willizblog.de\/index.php?rest_route=\/wp\/v2\/posts\/6833"}],"collection":[{"href":"https:\/\/willizblog.de\/index.php?rest_route=\/wp\/v2\/posts"}],"about":[{"href":"https:\/\/willizblog.de\/index.php?rest_route=\/wp\/v2\/types\/post"}],"author":[{"embeddable":true,"href":"https:\/\/willizblog.de\/index.php?rest_route=\/wp\/v2\/users\/1"}],"replies":[{"embeddable":true,"href":"https:\/\/willizblog.de\/index.php?rest_route=%2Fwp%2Fv2%2Fcomments&post=6833"}],"version-history":[{"count":0,"href":"https:\/\/willizblog.de\/index.php?rest_route=\/wp\/v2\/posts\/6833\/revisions"}],"wp:attachment":[{"href":"https:\/\/willizblog.de\/index.php?rest_route=%2Fwp%2Fv2%2Fmedia&parent=6833"}],"wp:term":[{"taxonomy":"category","embeddable":true,"href":"https:\/\/willizblog.de\/index.php?rest_route=%2Fwp%2Fv2%2Fcategories&post=6833"},{"taxonomy":"post_tag","embeddable":true,"href":"https:\/\/willizblog.de\/index.php?rest_route=%2Fwp%2Fv2%2Ftags&post=6833"}],"curies":[{"name":"wp","href":"https:\/\/api.w.org\/{rel}","templated":true}]}}