{"id":6843,"date":"2013-01-25T07:49:47","date_gmt":"2013-01-25T06:49:47","guid":{"rendered":"http:\/\/www.willizblog.de\/?p=6843"},"modified":"2013-01-23T10:28:18","modified_gmt":"2013-01-23T09:28:18","slug":"die-haut-in-der-ich-wohne","status":"publish","type":"post","link":"https:\/\/willizblog.de\/?p=6843","title":{"rendered":"Die Haut, in der ich wohne"},"content":{"rendered":"<p><a href=\"https:\/\/de.wikipedia.org\/wiki\/Die_Haut,_in_der_ich_wohne\" target=\"_blank\">Die Haut, in der ich wohne<\/a> (Originaltitel: <em>La piel que habito<\/em>) ist ein Melodram mit Elementen des Thrillers von Regisseur <a href=\"https:\/\/de.wikipedia.org\/wiki\/Pedro_Almod%C3%B3var\" target=\"_blank\">Pedro Almod\u00f3var<\/a> aus dem Jahr 2011. Almod\u00f3var schrieb auch das Drehbuch, das wenigstens zum Teil auf dem Roman \u201eMygale\u201c von <a href=\"https:\/\/www.amazon.de\/gp\/product\/3453503910\/ref=as_li_tf_tl?ie=UTF8&#038;camp=1638&#038;creative=6742&#038;creativeASIN=3453503910&#038;linkCode=as2&#038;tag=familiealbin-21\" target=\"_blank\">Thierry Jonquet<\/a><img loading=\"lazy\" src=\"https:\/\/www.assoc-amazon.de\/e\/ir?t=familiealbin-21&#038;l=as2&#038;o=3&#038;a=3453503910\" width=\"1\" height=\"1\" border=\"0\" alt=\"\" style=\"border:none !important; margin:0px !important;\" \/> basiert.<\/p>\n<ul><img src=\"http:\/\/bilder.filmstarts.de\/r_160_240\/b_1_d6d6d6\/medias\/nmedia\/18\/84\/25\/39\/19802328.jpg\" alt=\"Pedro Almod\u00f3var: Die Haut, in der ich wohne\" title=\"Pedro Almod\u00f3var: Die Haut, in der ich wohne\" \/><\/ul>\n<p><em>Dr. Robert Legard (Antonio Banderas) kommt zu einer wissenschaftlichen Erkenntnis: Durch eine Kombination des menschlichen Genmaterials mit dem von Schweinen produziert er eine perfekte Nachbildung der Haut. Bei seinen Kollegen st\u00f6\u00dft das erfolgreiche und im Prinzip verbotene Experiment jedoch auf Missbilligung. In einem abgeschiedenen Haus lebt der Chirurg mit seiner geheimnisvollen Haush\u00e4lterin, dort unterh\u00e4lt er auch eine Privatklinik, in der er obsessiv weiter forscht \u2013 er will eine Frau erschaffen, die seiner verflossenen Liebe gleicht. Nur Patienten scheint es hier nicht zu geben, abgesehen von einer mysteri\u00f6sen Frau namens Vera (Elena Anaya) in einem hautfarbenen Ganzk\u00f6rperanzug, die der Doktor Tag und Nacht durch mehrere Monitore beobachtet. Langsam verliert sich Lagarde in seiner Faszination f\u00fcr die r\u00e4tselhafte Dame. Doch er ahnt nicht, dass die Kollegen ihm seine Erkenntnisse neiden und es auf seine Klinik abgesehen haben. Dann lernt Vera, wer sie wirklich ist \u2013 und bricht aus Legardes Gef\u00e4ngnis aus&#8230;<\/em><\/p>\n<p>aus: <a href=\"http:\/\/www.filmstarts.de\/kritiken\/124897.html\" target=\"_blank\">filmstarts.de<\/a><\/p>\n<p><iframe loading=\"lazy\" width=\"540\" height=\"304\" src=\"https:\/\/www.youtube.com\/embed\/489Gn4GKNVU\" frameborder=\"0\" allowfullscreen><\/iframe><br \/>\nPedro Almod\u00f3var: Die Haut in der ich wohne<\/p>\n<p>Mit <a target=\"_blank\" href=\"https:\/\/www.amazon.de\/gp\/search?ie=UTF8&#038;camp=1638&#038;creative=6742&#038;index=dvd&#038;keywords=Die%20Haut%2C%20in%20der%20ich%20wohne%20&#038;linkCode=ur2&#038;tag=familiealbin-21\"><strong>Die Haut, in der ich wohne<\/strong><\/a><img loading=\"lazy\" src=\"https:\/\/www.assoc-amazon.de\/e\/ir?t=familiealbin-21&#038;l=ur2&#038;o=3\" width=\"1\" height=\"1\" border=\"0\" alt=\"\" style=\"border:none !important; margin:0px !important;\" \/> arbeitete Pedro Almod\u00f3var zum ersten Mal seit <a href=\"https:\/\/de.wikipedia.org\/wiki\/Fessle_mich!\" target=\"_blank\">\u201eFessle mich!&#8220;<\/a> von 1990 wieder mit Antonio Banderas zusammen, der die Hautrolle des so erfinderischen wie verr\u00fcckten Chirurgen spielt. An seiner Seite finden wir <a href=\"https:\/\/de.wikipedia.org\/wiki\/Elena_Anaya\" target=\"_blank\">Elena Anaya<\/a>, die ich bereits in den Filmen <a href=\"https:\/\/www.willizblog.de\/?p=6319\" target=\"_blank\">Lucia und der Sex<\/a> (2001), <a href=\"https:\/\/www.willizblog.de\/?p=6441\" target=\"_blank\">Hierro \u2013 Insel der Angst<\/a> (2009) und <a href=\"https:\/\/www.willizblog.de\/?p=6451\" target=\"_blank\">Eine Nacht in Rom (Room in Rome)<\/a> (2010) vorgestellt hatte.<\/p>\n<p>Es ist schon eine Zeit her, dass ich einen Film von Pedro Almod\u00f3var gesehen habe: <a href=\"https:\/\/de.wikipedia.org\/wiki\/Volver_%E2%80%93_Zur%C3%BCckkehren\" target=\"_blank\">Volver \u2013 Zur\u00fcckkehren<\/a> aus dem Jahre 2006. <a href=\"https:\/\/de.wikipedia.org\/wiki\/Zerrissene_Umarmungen\" target=\"_blank\">Zerrissene Umarmungen<\/a> aus 2009 habe ich immer noch ungesehen im Schrank liegen \u2013 die Zeit dieses Films kommt aber bald. So habe ich mir Almod\u00f3vars letztes Werk angeschaut. Wie in seinen Filmen zuvor mischt der gro\u00dfe spanische Regisseur auch hier Melodram mit Thriller und etwas Film Noir und weiht uns in dunkle Geheimnisse ein, die von genetischer Manipulation oder gar einer <a href=\"https:\/\/de.wikipedia.org\/wiki\/Geschlechtsangleichende_Operation#Penisinvaginations-Methode\" target=\"_blank\">Geschlechtsumwandlung<\/a> handeln. Es geht um Schuld, Scham und S\u00fchne. Almod\u00f3var stellt immer auch gern Bez\u00fcge zu Klassikern der Filmgeschichte her. In diesem Fall bekundet er seine Faszination zu Verwandlungsgeschichten wie bei <a href=\"https:\/\/de.wikipedia.org\/wiki\/Fritz_Lang\" target=\"_blank\">Fritz Lang<\/a> oder <a href=\"https:\/\/de.wikipedia.org\/wiki\/Friedrich_Wilhelm_Murnau\" target=\"_blank\">Friedrich Wilhelm Murnau<\/a> aus der Stummfilm\u00e4ra. \u00c4hnlichkeiten sind auch im franz\u00f6sisch-italienischer Schwarzwei\u00dffilm <a href=\"https:\/\/de.wikipedia.org\/wiki\/Augen_ohne_Gesicht\" target=\"_blank\">Augen ohne Gesicht<\/a> von Georges Franju aus dem Jahr 1960 erkennbar. F\u00fcr mich erscheint der Film wie eine moderne Version von <a href=\"https:\/\/de.wikipedia.org\/wiki\/Frankenstein_%28Roman%29#Verfilmungen\" target=\"_blank\">Frankenstein<\/a>, nur dass sich das Monster hier als eine bildh\u00fcbsche Frau entpuppt.<\/p>\n<p>Almod\u00f3vars Film ist \u201aphantastisch\u2019 im Sinne von grotesk, illusion\u00e4r, aber auch besessen. Ich mag spanische Filme, auch wenn (oder gerade weil) sie ziemlich von der Wirklichkeit abgehoben sind. Die menschliche Leidenschaft bahnt sich oft seltsame Wege. Filme dieser Art stellen ein Abbild, eine Imagination dieser Leidenschaften dar.<\/p>\n","protected":false},"excerpt":{"rendered":"<p>Die Haut, in der ich wohne (Originaltitel: La piel que habito) ist ein Melodram mit Elementen des Thrillers von Regisseur Pedro Almod\u00f3var aus dem Jahr 2011. Almod\u00f3var schrieb auch das Drehbuch, das wenigstens zum Teil auf dem Roman \u201eMygale\u201c von Thierry Jonquet basiert. Dr. Robert Legard (Antonio Banderas) kommt zu einer wissenschaftlichen Erkenntnis: Durch eine &hellip; <a href=\"https:\/\/willizblog.de\/?p=6843\" class=\"more-link\"><span class=\"screen-reader-text\">Die Haut, in der ich wohne<\/span> weiterlesen <span class=\"meta-nav\">&rarr;<\/span><\/a><\/p>\n","protected":false},"author":1,"featured_media":0,"comment_status":"open","ping_status":"open","sticky":false,"template":"","format":"standard","meta":[],"categories":[13],"tags":[],"_links":{"self":[{"href":"https:\/\/willizblog.de\/index.php?rest_route=\/wp\/v2\/posts\/6843"}],"collection":[{"href":"https:\/\/willizblog.de\/index.php?rest_route=\/wp\/v2\/posts"}],"about":[{"href":"https:\/\/willizblog.de\/index.php?rest_route=\/wp\/v2\/types\/post"}],"author":[{"embeddable":true,"href":"https:\/\/willizblog.de\/index.php?rest_route=\/wp\/v2\/users\/1"}],"replies":[{"embeddable":true,"href":"https:\/\/willizblog.de\/index.php?rest_route=%2Fwp%2Fv2%2Fcomments&post=6843"}],"version-history":[{"count":0,"href":"https:\/\/willizblog.de\/index.php?rest_route=\/wp\/v2\/posts\/6843\/revisions"}],"wp:attachment":[{"href":"https:\/\/willizblog.de\/index.php?rest_route=%2Fwp%2Fv2%2Fmedia&parent=6843"}],"wp:term":[{"taxonomy":"category","embeddable":true,"href":"https:\/\/willizblog.de\/index.php?rest_route=%2Fwp%2Fv2%2Fcategories&post=6843"},{"taxonomy":"post_tag","embeddable":true,"href":"https:\/\/willizblog.de\/index.php?rest_route=%2Fwp%2Fv2%2Ftags&post=6843"}],"curies":[{"name":"wp","href":"https:\/\/api.w.org\/{rel}","templated":true}]}}