{"id":6850,"date":"2013-01-24T07:22:20","date_gmt":"2013-01-24T06:22:20","guid":{"rendered":"http:\/\/www.willizblog.de\/?p=6850"},"modified":"2013-01-23T10:27:20","modified_gmt":"2013-01-23T09:27:20","slug":"50-jahre-deutsch-franzosische-freundschaft","status":"publish","type":"post","link":"https:\/\/willizblog.de\/?p=6850","title":{"rendered":"50 Jahre deutsch-franz\u00f6sische Freundschaft"},"content":{"rendered":"<p>Am 22. Januar 1963 wurde im Pariser \u00c9lys\u00e9e-Palast der als <a href=\"https:\/\/de.wikipedia.org\/wiki\/%C3%89lys%C3%A9e-Vertrag\" target=\"_blank\">\u00c9lys\u00e9e-Vertrag<\/a> bezeichnete deutsch-franz\u00f6sische Freundschaftsvertrag von Bundeskanzler Konrad Adenauer und vom franz\u00f6sischen Staatspr\u00e4sidenten Charles de Gaulle unterzeichnet. Dieses Abkommen \u00fcber die deutsch-franz\u00f6sische Zusammenarbeit hat die beiden Nachbarn in Europa nach langer <a href=\"https:\/\/de.wikipedia.org\/wiki\/Deutsch-franz%C3%B6sische_Erbfeindschaft\" target=\"_blank\">\u201eErbfeindschaft\u201c<\/a> und verlustreichen Kriegen seitdem immer mehr zusammengef\u00fchrt.<\/p>\n<p><img src=\"http:\/\/wissen.dradio.de\/media\/thumbs\/b\/b3b7b19c7dc9c0391d9283663add470av1_max_440x330_b3535db83dc50e27c1bb1392364c95a2.jpg\" alt=\"Unterzeichnung des \u00c9lys\u00e9e-Vertrag durch Konrad Adenauer und Charles de Gaulle\" title=\"Unterzeichnung des \u00c9lys\u00e9e-Vertrag durch Konrad Adenauer und Charles de Gaulle\" \/><\/p>\n<p>Es sollte noch fast zehn weitere Jahre dauern, bis durch Willy Brandts weltweit beachteten Kniefall von Warschau am 7. Dezember 1970 am Mahnmal des Ghetto-Aufstandes von 1943 die Entspannungspolitik mit dem Osten eingeleitet wurde, die in die <a href=\"https:\/\/de.wikipedia.org\/wiki\/Ostvertr%C3%A4ge#Ostvertr.C3.A4ge\" target=\"_blank\">Ostvertr\u00e4ge<\/a> mit Polen und der Sowjetunion m\u00fcndete. Hinzu kam der Grundlagenvertrag mit der DDR.<\/p>\n","protected":false},"excerpt":{"rendered":"<p>Am 22. Januar 1963 wurde im Pariser \u00c9lys\u00e9e-Palast der als \u00c9lys\u00e9e-Vertrag bezeichnete deutsch-franz\u00f6sische Freundschaftsvertrag von Bundeskanzler Konrad Adenauer und vom franz\u00f6sischen Staatspr\u00e4sidenten Charles de Gaulle unterzeichnet. Dieses Abkommen \u00fcber die deutsch-franz\u00f6sische Zusammenarbeit hat die beiden Nachbarn in Europa nach langer \u201eErbfeindschaft\u201c und verlustreichen Kriegen seitdem immer mehr zusammengef\u00fchrt. Es sollte noch fast zehn weitere Jahre &hellip; <a href=\"https:\/\/willizblog.de\/?p=6850\" class=\"more-link\"><span class=\"screen-reader-text\">50 Jahre deutsch-franz\u00f6sische Freundschaft<\/span> weiterlesen <span class=\"meta-nav\">&rarr;<\/span><\/a><\/p>\n","protected":false},"author":1,"featured_media":0,"comment_status":"open","ping_status":"open","sticky":false,"template":"","format":"standard","meta":[],"categories":[12],"tags":[],"_links":{"self":[{"href":"https:\/\/willizblog.de\/index.php?rest_route=\/wp\/v2\/posts\/6850"}],"collection":[{"href":"https:\/\/willizblog.de\/index.php?rest_route=\/wp\/v2\/posts"}],"about":[{"href":"https:\/\/willizblog.de\/index.php?rest_route=\/wp\/v2\/types\/post"}],"author":[{"embeddable":true,"href":"https:\/\/willizblog.de\/index.php?rest_route=\/wp\/v2\/users\/1"}],"replies":[{"embeddable":true,"href":"https:\/\/willizblog.de\/index.php?rest_route=%2Fwp%2Fv2%2Fcomments&post=6850"}],"version-history":[{"count":0,"href":"https:\/\/willizblog.de\/index.php?rest_route=\/wp\/v2\/posts\/6850\/revisions"}],"wp:attachment":[{"href":"https:\/\/willizblog.de\/index.php?rest_route=%2Fwp%2Fv2%2Fmedia&parent=6850"}],"wp:term":[{"taxonomy":"category","embeddable":true,"href":"https:\/\/willizblog.de\/index.php?rest_route=%2Fwp%2Fv2%2Fcategories&post=6850"},{"taxonomy":"post_tag","embeddable":true,"href":"https:\/\/willizblog.de\/index.php?rest_route=%2Fwp%2Fv2%2Ftags&post=6850"}],"curies":[{"name":"wp","href":"https:\/\/api.w.org\/{rel}","templated":true}]}}