{"id":6884,"date":"2013-02-02T07:46:01","date_gmt":"2013-02-02T06:46:01","guid":{"rendered":"http:\/\/www.willizblog.de\/?p=6884"},"modified":"2013-01-30T10:51:02","modified_gmt":"2013-01-30T09:51:02","slug":"von-murmeltieren-geburtstagen-und-williz-geblogge","status":"publish","type":"post","link":"https:\/\/willizblog.de\/?p=6884","title":{"rendered":"Von Murmeltieren, Geburtstagen und WilliZ Geblogge"},"content":{"rendered":"<p><em>The same procedure as last year? <a href=\"https:\/\/www.willizblog.de\/?p=343\" target=\"_blank\">The same procedure as every year<\/a> \u2026!!!<\/em> Ja, heute ist wieder einmal <a href=\"https:\/\/www.willizblog.de\/?p=751\" target=\"_blank\">Murmeltiertag<\/a>: Denn: <a target=\"_blank\" href=\"https:\/\/www.amazon.de\/gp\/search?ie=UTF8&#038;keywords=und%20t%C3%A4glich%20gr%C3%BC%C3%9Ft%20das%20Murmeltier&#038;tag=familiealbin-21&#038;index=dvd&#038;linkCode=ur2&#038;camp=1638&#038;creative=6742\">Und t\u00e4glich gr\u00fc\u00dft das Murmeltier<\/a><img loading=\"lazy\" src=\"https:\/\/www.assoc-amazon.de\/e\/ir?t=familiealbin-21&#038;l=ur2&#038;o=3\" width=\"1\" height=\"1\" border=\"0\" alt=\"\" style=\"border:none !important; margin:0px !important;\" \/> (Groundhog Day USA 1993 &#8211; Regie: Harold Ramis) mit Bill Murray und Andie MacDowell<\/p>\n<p>Hier einige Ausschnitte aus dem Film in einer Zusammenfassung:<\/p>\n<p><iframe loading=\"lazy\" width=\"540\" height=\"304\" src=\"https:\/\/www.youtube.com\/embed\/kIR8_jG3kgk\" frameborder=\"0\" allowfullscreen><\/iframe><br \/>\nUnd t\u00e4glich gr\u00fc\u00dft das Murmeltier<\/p>\n<p>Aber der heutige Tag hat noch etwas mehr auf Lager als Murmeltiere (und Geburtstage), immerhin hatte ich es vor nun acht Jahren gewagt, diesen Blog ins Internet zu stellen, um Euch geh\u00f6rig auf den Geist zu gehen. Aber anscheinend finde ich doch immer wieder solche, die sich f\u00fcr das Eine oder Andere von dem interessieren, was auch mich interessiert. So ganz aus der Welt kann ich also nicht sein. Danke Euch und Danke auch Euren Kommentaren (<em>weniger<\/em> Dank den <a href=\"https:\/\/de.wikipedia.org\/wiki\/Trackback\" target=\"_blank\">Trackbacks<\/a>, die lediglich versuchen, Werbung bei mir zu lancieren \u2013 immerhin deutet das daraufhin, dass mein Blog f\u00fcr solche Versuche nicht uninteressant zu sein scheint \u2013 aber diese werden gnadenlos von mir gel\u00f6scht).<\/p>\n<ul><img src=\"https:\/\/www.albinz.net\/picts\/williz_welt.jpg\" alt=\"Willi in WilliZ Welt\" title=\"Willi in WilliZ Welt\" \/><\/ul>\n<p>In diesen nun acht Jahren ist viel Wasser die Elbe, die Weser, den Rhein, den Nil und den Mississippi hinuntergelaufen \u2013 und der <a href=\"https:\/\/www.willizblog.de\/?p=5021\" target=\"_blank\">Oste<\/a> entsprungen. Von einem Anfangf\u00fcnfziger habe ich mich zu einen <a href=\"https:\/\/www.willizblog.de\/?cat=18\" target=\"_blank\">Endf\u00fcnfziger<\/a> entwickelt. Im n\u00e4chsten Jahr mache ich das f\u00fcnfte Dutzend voll. 5 Dutzend nennt man als Z\u00e4hlma\u00df auch Schock (dann hei\u00dft es im n\u00e4chsten Jahr: Oh, Schock, ein <em>Schock<\/em> &#8230;?!). Eigentlich hatte ich mir vorgenommen, mich mehr und mehr an dieser Stelle zur\u00fcckzuziehen. Es gibt ja wichtigere Dinge, als einen Blog mit Text und Bildchen zu f\u00fcttern. Aber so ganz kann ich nicht davon lassen &#8230;<\/p>\n<p>Sp\u00e4testens in einem Jahr werden wir schauen, was dann das Murmeltier wieder sagt, ob\u2019s ein l\u00e4ngerer Winter wird, als es uns recht ist. Heute lassen wir erst einmal die Korken knallen &#8230; !!!<\/p>\n","protected":false},"excerpt":{"rendered":"<p>The same procedure as last year? The same procedure as every year \u2026!!! Ja, heute ist wieder einmal Murmeltiertag: Denn: Und t\u00e4glich gr\u00fc\u00dft das Murmeltier (Groundhog Day USA 1993 &#8211; Regie: Harold Ramis) mit Bill Murray und Andie MacDowell Hier einige Ausschnitte aus dem Film in einer Zusammenfassung: Und t\u00e4glich gr\u00fc\u00dft das Murmeltier Aber der &hellip; <a href=\"https:\/\/willizblog.de\/?p=6884\" class=\"more-link\"><span class=\"screen-reader-text\">Von Murmeltieren, Geburtstagen und WilliZ Geblogge<\/span> weiterlesen <span class=\"meta-nav\">&rarr;<\/span><\/a><\/p>\n","protected":false},"author":1,"featured_media":0,"comment_status":"open","ping_status":"open","sticky":false,"template":"","format":"standard","meta":[],"categories":[13,8],"tags":[],"_links":{"self":[{"href":"https:\/\/willizblog.de\/index.php?rest_route=\/wp\/v2\/posts\/6884"}],"collection":[{"href":"https:\/\/willizblog.de\/index.php?rest_route=\/wp\/v2\/posts"}],"about":[{"href":"https:\/\/willizblog.de\/index.php?rest_route=\/wp\/v2\/types\/post"}],"author":[{"embeddable":true,"href":"https:\/\/willizblog.de\/index.php?rest_route=\/wp\/v2\/users\/1"}],"replies":[{"embeddable":true,"href":"https:\/\/willizblog.de\/index.php?rest_route=%2Fwp%2Fv2%2Fcomments&post=6884"}],"version-history":[{"count":0,"href":"https:\/\/willizblog.de\/index.php?rest_route=\/wp\/v2\/posts\/6884\/revisions"}],"wp:attachment":[{"href":"https:\/\/willizblog.de\/index.php?rest_route=%2Fwp%2Fv2%2Fmedia&parent=6884"}],"wp:term":[{"taxonomy":"category","embeddable":true,"href":"https:\/\/willizblog.de\/index.php?rest_route=%2Fwp%2Fv2%2Fcategories&post=6884"},{"taxonomy":"post_tag","embeddable":true,"href":"https:\/\/willizblog.de\/index.php?rest_route=%2Fwp%2Fv2%2Ftags&post=6884"}],"curies":[{"name":"wp","href":"https:\/\/api.w.org\/{rel}","templated":true}]}}