{"id":6892,"date":"2013-02-04T09:52:45","date_gmt":"2013-02-04T08:52:45","guid":{"rendered":"http:\/\/www.willizblog.de\/?p=6892"},"modified":"2013-02-04T09:52:45","modified_gmt":"2013-02-04T08:52:45","slug":"der-ball-rollt-wieder","status":"publish","type":"post","link":"https:\/\/willizblog.de\/?p=6892","title":{"rendered":"Der Ball rollt wieder &#8230;"},"content":{"rendered":"<p>Nach der kurzen Winterpause rollt der Fu\u00dfball wieder. Und der SV Werder Bremen kam nur stockend aus den Startl\u00f6chern. Gleich zu Anfang hagelte es zu Hause gegen den Deutschen Meister, Borussia Dortmund, eine 0:5-Schlappe. Dem folgte eine weitere, vielleicht am Schluss doch ungl\u00fcckliche 2:3-Niederlage beim HSV (und zwei gelb-rote Karten). Am Freitagabend nun wurde die M\u00fche, wenn auch erst in den letzten Spielminuten, mit einem 2:0-Sieg gegen Hannover 96 belohnt. So ganz wei\u00df man aber immer noch nicht, wo die Mannschaft aus Bremen steht. Werder profilierte immerhin von den Niederlagen aller vorplatzierter Anw\u00e4rter auf einen Europa League-Platz (von Mainz bis zum HSV) und hat \u201anur\u2019 noch vier Punkte R\u00fcckstand auf den 6. Tabellenplatz.. Die Champion League-Pl\u00e4tze sind dabei weiterhin in weiter Ferne.<\/p>\n<p>siehe auch: <a href=\"https:\/\/www.willizblog.de\/?p=6750\" target=\"_blank\">Fu\u00dfballjahr 2012 geht zu Ende<\/a><\/p>\n<p>Was w\u00e4ren die Fu\u00dfball-Vereine ohne ihre Fans. Besonders die Bundesliga-Vereine sind Wirtschaftsunternehmen, die ihren Betrieb nur unterhalten k\u00f6nnen, wenn die Einnahmen stimmen. Bekanntlich ist der Kunde K\u00f6nig. Und da der Fu\u00dfball-Fan Kunde der Vereine ist, sollte er K\u00f6nig sein?! Vereine sind also Dienstleister. Was die Fu\u00dfballspieler auf dem gr\u00fcnen Rasen abliefern, ist eine Dienstleistung. Daf\u00fcr zahlt der Fan. Wenn die Leistung nicht stimmt, kann es schnell zu Reklamationen kommen. Das ist die eine Seite, die andere:<\/p>\n<p>Es gibt Fu\u00dfball-Fans, die unabh\u00e4ngig von der Leistung ihrer Mannschaft meinen, randalieren zu d\u00fcrfen, die Pyrotechnik abfeuern \u2013 und dabei andere Fans bis hin zu den Spielern gef\u00e4hrden. Solche Fans will kein Verein und will auch nicht die Mehrheit der anderen Fans. Daher stimmte die Mehrheit der deutschen Erst- und Zweitligisten auf der <a href=\"https:\/\/de.wikipedia.org\/wiki\/Die_Liga_%E2%80%93_Fu%C3%9Fballverband\" target=\"_blank\">DFL-Mitgliederversammlung<\/a> in Frankfurt am Main f\u00fcr ein <a href=\"http:\/\/www.kicker.de\/news\/fussball\/bundesliga\/startseite\/579047\/artikel_die-16-antraege-im-ueberblick.html\" target=\"_blank\">versch\u00e4rftes Sicherheitskonzept<\/a>.<\/p>\n<p>Dieses Sicherheitskonzept ist nicht nur bei Fans umstritten, z.B.: Welcher Fan m\u00f6chte schon st\u00e4ndig bis aufs Unterhemd kontrolliert werden. Dem steht nat\u00fcrlich der offene, kontinuierliche und verbindliche Dialog zwischen den Vereinen und Fans (Antrag 2) gegen\u00fcber. Dass dies ausdr\u00fccklich \u201avereinbart\u2019 werden musste, zeigt, dass es bei einigen Vereinen in diesem Punkt deutlich Defizite gibt.<\/p>\n<p>Denn mit dem Fu\u00dfball ist es eben doch etwas anders. So ganz l\u00e4sst sich das nicht mit betriebswirtschaftlicher Einordnung erkl\u00e4ren. Fu\u00dfball ist nat\u00fcrlich auch Herzenssache. Ich denke, sowohl bei den Verantwortlichen im Verein als eben auch bei den Fans. Und wenn da etwas schief l\u00e4uft (und in der letzten Saison ist geh\u00f6rig viel schief gelaufen), dann m\u00fcssen die \u201aVertragspartner\u2019, Vereine und die Fans, miteinander ins Gespr\u00e4ch kommen.<\/p>\n<p>Ich will den SV Werder Bremen da nicht allein als Vorbild darstellen. Aber besonders in Bremen hat man fr\u00fch erkannt, dass man nur \u201emit den Fans\u201c und nie gegen ihn arbeiten kann. Fr\u00fch hat man klare Spielregeln (Werder-Kodex) aufgestellt, auch von Seiten der Fans selbst: <em>\u201eFairness, Toleranz und R\u00fccksicht aufeinander zu nehmen, ist f\u00fcr die allermeisten Werder-Fans ganz selbstverst\u00e4ndlich. Mehr noch: Unsere Fans haben in der Vergangenheit wiederholt intolerantes und gewaltt\u00e4tiges Verhalten unter Fu\u00dfballfans in Deutschland \u00f6ffentlich kritisiert &#8211; mit eindeutig formulierten Transparenten in der Ostkurve, Beitr\u00e4gen in Fanzines oder im Internet. Diese Fankultur kommt aber nicht von ungef\u00e4hr &#8211; unsere Fans haben sie selbst geschaffen und sorgen aktiv daf\u00fcr, dass es dort, wo gr\u00fcn-wei\u00dfe Fans Stimmung machen, tolerant und friedfertig zugeht. Das erste organisierte Fan-Projekt in Deutschland war das Fan-Projekt Bremen. Bis heute leisten die verschiedenen Fan-Initiativen einen ureigenen gesellschaftlichen Beitrag, bei dem sie der SV Werder Bremen nach Kr\u00e4ften unterst\u00fctzt. Unsere Fan- und Mitgliederbetreuung arbeitet eng mit den Fans und Institutionen zusammen.\u201c<\/em><br \/>\n(Quelle: <a href=\"http:\/\/www.werder.de\/de\/werder-bewegt\/lebenslang-tolerant\/antidiskriminierung\/index.php\" target=\"_blank\">werder.de<\/a>)<\/p>\n<p><img src=\"http:\/\/www.werder.de\/media\/images\/antirasissmus\/werder_gegen_rassismus.png\" alt=\"Werder gegen Rassismus\" title=\"Werder gegen Rassismus\" \/><\/p>\n<p>Man spricht viel von \u201aSpielkultur\u2019. In Bremen (und sicherlich auch bei anderen Vereinen) hat man im Laufe der Jahre auch eine Fan-Kultur geschaffen. Aber die kommt nicht von ungef\u00e4hr, sondern l\u00e4sst sich nur durch die enge Zusammenarbeit zwischen Verein und Fangemeinde schaffen.<\/p>\n<p>Wer allerdings Intoleranz, Gewalt, wer Rassismus, Sexismus, Homophobie und Rechtsextremismus auf seine Fahnen schreibt, der hat in keinen Fu\u00dfballstadion etwas verloren. Und ich denke, die Fans sollten die Feuerwerksk\u00f6rper auch lieber zu Hause lassen.<\/p>\n","protected":false},"excerpt":{"rendered":"<p>Nach der kurzen Winterpause rollt der Fu\u00dfball wieder. Und der SV Werder Bremen kam nur stockend aus den Startl\u00f6chern. Gleich zu Anfang hagelte es zu Hause gegen den Deutschen Meister, Borussia Dortmund, eine 0:5-Schlappe. Dem folgte eine weitere, vielleicht am Schluss doch ungl\u00fcckliche 2:3-Niederlage beim HSV (und zwei gelb-rote Karten). Am Freitagabend nun wurde die &hellip; <a href=\"https:\/\/willizblog.de\/?p=6892\" class=\"more-link\"><span class=\"screen-reader-text\">Der Ball rollt wieder &#8230;<\/span> weiterlesen <span class=\"meta-nav\">&rarr;<\/span><\/a><\/p>\n","protected":false},"author":1,"featured_media":0,"comment_status":"open","ping_status":"open","sticky":false,"template":"","format":"standard","meta":[],"categories":[27],"tags":[],"_links":{"self":[{"href":"https:\/\/willizblog.de\/index.php?rest_route=\/wp\/v2\/posts\/6892"}],"collection":[{"href":"https:\/\/willizblog.de\/index.php?rest_route=\/wp\/v2\/posts"}],"about":[{"href":"https:\/\/willizblog.de\/index.php?rest_route=\/wp\/v2\/types\/post"}],"author":[{"embeddable":true,"href":"https:\/\/willizblog.de\/index.php?rest_route=\/wp\/v2\/users\/1"}],"replies":[{"embeddable":true,"href":"https:\/\/willizblog.de\/index.php?rest_route=%2Fwp%2Fv2%2Fcomments&post=6892"}],"version-history":[{"count":0,"href":"https:\/\/willizblog.de\/index.php?rest_route=\/wp\/v2\/posts\/6892\/revisions"}],"wp:attachment":[{"href":"https:\/\/willizblog.de\/index.php?rest_route=%2Fwp%2Fv2%2Fmedia&parent=6892"}],"wp:term":[{"taxonomy":"category","embeddable":true,"href":"https:\/\/willizblog.de\/index.php?rest_route=%2Fwp%2Fv2%2Fcategories&post=6892"},{"taxonomy":"post_tag","embeddable":true,"href":"https:\/\/willizblog.de\/index.php?rest_route=%2Fwp%2Fv2%2Ftags&post=6892"}],"curies":[{"name":"wp","href":"https:\/\/api.w.org\/{rel}","templated":true}]}}