{"id":6919,"date":"2013-02-10T08:01:30","date_gmt":"2013-02-10T07:01:30","guid":{"rendered":"http:\/\/www.willizblog.de\/?p=6919"},"modified":"2013-02-08T09:47:29","modified_gmt":"2013-02-08T08:47:29","slug":"die-fdp-entgleist","status":"publish","type":"post","link":"https:\/\/willizblog.de\/?p=6919","title":{"rendered":"Die FDP entgleist"},"content":{"rendered":"<p>Herr Rainer Br\u00fcderle, Vorsitzender der FDP-Bundestagsfraktion, h\u00e4tte es sich wohl nicht tr\u00e4umen lassen, dass er einmal den <a href=\"http:\/\/www.spiegel.de\/politik\/deutschland\/fdp-fraktionschef-bruederle-lehnt-entschuldigung-bei-reporterin-ab-a-880508.html\" target=\"_blank\">Anlass zu einer Sexismus-Debatte<\/a> geben k\u00f6nnte. Nach dem Motto, wer sich verteidigt, klagt sich nur an, schweigt der gute Mann. <\/p>\n<p>Es ist sicherlich eine Frage des Standpunktes, wann ein Spr\u00fcchlein eines jovialen und leutseligen Weintrinkers als unangemessen aufdringlich oder als Kompliment zu gelten hat. Wie es sich zeigte, scheint sich Herr Br\u00fcderle mit seinen 67 Jahren entgegen seinen Ansichten doch nicht allzu gut mit 28-j\u00e4hrigen Frauen auszukennen.<\/p>\n<p>Da springt ihm sein Parteikollege Dirk Niebel, ja, der mit den <a href=\"http:\/\/www.handelsblatt.com\/politik\/deutschland\/teppich-affaere-keine-ermittlungen-gegen-niebel\/6806104.html\" target=\"_blank\">zollfreien Teppichen<\/a> und noch Bundesminister f\u00fcr wirtschaftliche Zusammenarbeit und Entwicklung, zur Seite mit seinem unseligen Spruch: <em>\u201eEs gibt auch M\u00e4nner, die bel\u00e4stigt werden\u201c<\/em> und seiner Forderung einer gesellschaftlichen <a href=\"http:\/\/www.taz.de\/Kolumne-So-wird-ein-Schuh-draus\/!110312\/\" target=\"_blank\">Debatte \u00fcber den Sexismus gegen M\u00e4nner<\/a>.<\/p>\n<p>Selbst in der FDP war das St\u00f6hnen gro\u00df angesichts einer solch verqueren Forderung. Herr Niebel muss da wohl so seine Erfahrungen gemacht haben: <em>&#8222;Sie k\u00f6nnen ein Dirndl auch ausf\u00fcllen&#8220;<\/em>, Herr Niebel.<\/p>\n<p><img src=\"http:\/\/images.zeit.de\/politik\/deutschland\/2013-01\/niebel-dreikoenig-2\/niebel-dreikoenig-2-540x304.jpg\" alt=\"Dirk Niebel spricht beim FDP-Dreik\u00f6nigstreffen, Rainer Br\u00fcderle (Mitte) und Philipp R\u00f6sler h\u00f6ren zu\" title=\"Dirk Niebel spricht beim FDP-Dreik\u00f6nigstreffen, Rainer Br\u00fcderle (Mitte) und Philipp R\u00f6sler h\u00f6ren zu\" \/><br \/>\nQuelle: <a href=\"http:\/\/www.zeit.de\/politik\/deutschland\/2013-01\/fdp-dreikoenigs-treffen\" target=\"_blank\">zeit.de<\/a>\/\u00a9Michael Kappeler\/dpa<\/p>\n<p>Und dann fordert ein weiterer FDP-Mann zu einer \u201egesellschaftlichen Debatte\u201c auf. Hessens FDP-Chef J\u00f6rg-Uwe Hahn thematisiert die <a href=\"http:\/\/www.spiegel.de\/politik\/deutschland\/hessens-fdp-chef-hahn-verwirrt-mit-aussage-zu-roeslers-herkunft-a-882060.html\" target=\"_blank\">vietnamesische Herkunft unseres Bundeswirtschaftministers<\/a>: <em>&#8222;Bei Philipp R\u00f6sler w\u00fcrde ich allerdings gerne wissen, ob unsere Gesellschaft schon so weit ist, einen asiatisch aussehenden Vizekanzler auch noch l\u00e4nger zu akzeptieren&#8220;<\/em>, sagte Hahn, als er zu den Personalquerelen in der FDP befragt wurde. Ein ungl\u00fccklicher Satz im falschen Moment. Nat\u00fcrlich ist der Rassismus-Vorwurf von SPD und der Linken lediglich eine Art Reflex auf eine verwirrend-wirre \u00c4u\u00dferung und im Grunde l\u00e4cherlich. Schwerwiegender empfinde ich hier den Versuch des FDP-Mannes, von den eigenen Unf\u00e4higkeiten abzulenken und die daraus resultierenden schlechten Wahlergebnisse dem unterschwelligen Rassismus des W\u00e4hlers zuzuschreiben.<\/p>\n<p>Ja, die Fettn\u00e4ppchen sind unz\u00e4hlig ges\u00e4t. Da wird sich Herr Steinbr\u00fcck freuen, nicht der einzigste zu sein, der st\u00e4ndig in das eine oder andere tritt. Die FDP befindet sich mit dem Verhalten und Reden ihrer Spitzen auf einem absch\u00fcssigen Gleis und ist dabei zu entgleisen. Trotz des guten Abschneidens bei der <a href=\"https:\/\/www.willizblog.de\/?p=6833\" target=\"_blank\">Niedersachsenwahl<\/a> muss sie f\u00fcrchten, aufs Abstellgleis abgeschoben zu werden, wohin sie nach meiner Meinung l\u00e4ngst geh\u00f6rt. Und mit ihrem neuen Hoffungstr\u00e4ger, den etwas zu jovialen und auch nicht mehr ganz taufrischen Herrn Br\u00fcderle, wird\u2019s dann auch eher nichts werden.<\/p>\n<p>Da n\u00fctzt auch der eher populistisch angehauchte Ruf der FDP, den <a href=\"http:\/\/www.stern.de\/politik\/deutschland\/wahlkampf-fdp-will-schutz-vor-inflation-im-grundgesetz-verankern-1966439.html\" target=\"_blank\">Inflationsschutz ins Grundgesetz<\/a> als Freiheitsrecht zu schreiben, nicht viel. Gerade die FDP muss das fordern, die mit ihrer <a href=\"https:\/\/de.wikipedia.org\/wiki\/Laissez-faire\" target=\"_blank\">libert\u00e4r gef\u00e4rbten Wirtschaftspolitik<\/a> zumindest die geistigen <a href=\"https:\/\/www.willizblog.de\/?p=2162\" target=\"_blank\">Grundlagen der Finanzkrise<\/a> gelegt hat. Der Wahlkampf zur Bundestagswahl im Herbst scheint er\u00f6ffnet zu sein und die FDP bem\u00fcht sich mit allen Mitteln, ihren Abw\u00e4rtstrend umzubiegen.<\/p>\n","protected":false},"excerpt":{"rendered":"<p>Herr Rainer Br\u00fcderle, Vorsitzender der FDP-Bundestagsfraktion, h\u00e4tte es sich wohl nicht tr\u00e4umen lassen, dass er einmal den Anlass zu einer Sexismus-Debatte geben k\u00f6nnte. Nach dem Motto, wer sich verteidigt, klagt sich nur an, schweigt der gute Mann. Es ist sicherlich eine Frage des Standpunktes, wann ein Spr\u00fcchlein eines jovialen und leutseligen Weintrinkers als unangemessen aufdringlich &hellip; <a href=\"https:\/\/willizblog.de\/?p=6919\" class=\"more-link\"><span class=\"screen-reader-text\">Die FDP entgleist<\/span> weiterlesen <span class=\"meta-nav\">&rarr;<\/span><\/a><\/p>\n","protected":false},"author":1,"featured_media":0,"comment_status":"open","ping_status":"open","sticky":false,"template":"","format":"standard","meta":[],"categories":[12],"tags":[],"_links":{"self":[{"href":"https:\/\/willizblog.de\/index.php?rest_route=\/wp\/v2\/posts\/6919"}],"collection":[{"href":"https:\/\/willizblog.de\/index.php?rest_route=\/wp\/v2\/posts"}],"about":[{"href":"https:\/\/willizblog.de\/index.php?rest_route=\/wp\/v2\/types\/post"}],"author":[{"embeddable":true,"href":"https:\/\/willizblog.de\/index.php?rest_route=\/wp\/v2\/users\/1"}],"replies":[{"embeddable":true,"href":"https:\/\/willizblog.de\/index.php?rest_route=%2Fwp%2Fv2%2Fcomments&post=6919"}],"version-history":[{"count":0,"href":"https:\/\/willizblog.de\/index.php?rest_route=\/wp\/v2\/posts\/6919\/revisions"}],"wp:attachment":[{"href":"https:\/\/willizblog.de\/index.php?rest_route=%2Fwp%2Fv2%2Fmedia&parent=6919"}],"wp:term":[{"taxonomy":"category","embeddable":true,"href":"https:\/\/willizblog.de\/index.php?rest_route=%2Fwp%2Fv2%2Fcategories&post=6919"},{"taxonomy":"post_tag","embeddable":true,"href":"https:\/\/willizblog.de\/index.php?rest_route=%2Fwp%2Fv2%2Ftags&post=6919"}],"curies":[{"name":"wp","href":"https:\/\/api.w.org\/{rel}","templated":true}]}}