{"id":6932,"date":"2013-02-13T11:42:36","date_gmt":"2013-02-13T10:42:36","guid":{"rendered":"http:\/\/www.willizblog.de\/?p=6932"},"modified":"2013-02-13T11:42:36","modified_gmt":"2013-02-13T10:42:36","slug":"der-papst-geht","status":"publish","type":"post","link":"https:\/\/willizblog.de\/?p=6932","title":{"rendered":"Der Papst geht"},"content":{"rendered":"<p>Nat\u00fcrlich war auch ich erstaunt, als ich der Meldung las: Der Papst tritt zur\u00fcck. Am Rosenmontag kann man das schon f\u00fcr einen Scherz halten. Wie viele dachte ich, ein Papst tritt nicht zur\u00fcck, der stirbt und dann kommt ein neuer. Nun mit P\u00e4psten habe ich nicht viel am Hut, auch wenn in diesem Blog <a href=\"https:\/\/www.willizblog.de\/index.php?s=papst\" target=\"_blank\">das Wort Papst<\/a> \u00f6fter vorkommt, als ich dachte (Literaturp\u00e4pste gibt es ja auch noch).<\/p>\n<p>Aber ich habe schon einige Wort gefunden, als 2005 der erste  polnische Papst <a href=\"http:\/\/www.vatican.va\/holy_father\/john_paul_ii\/index_ge.htm\" target=\"_blank\">Johannes Paul II<\/a> starb (<a href=\"https:\/\/www.willizblog.de\/?p=100\" target=\"_blank\">Noch ist Polen nicht verloren<\/a>) \u2013 und nach \u00fcber 480 Jahren erstmals wieder ein Deutscher zum Papst erkoren wurde: <a href=\"https:\/\/www.willizblog.de\/?p=116\" target=\"_blank\">Habemus papam: Benedikt XVI<\/a>.<\/p>\n<p>Zum 28. Februar nimmt also <a href=\"http:\/\/www.vatican.va\/phome_ge.htm\" target=\"_blank\">Benedikt XVI<\/a> seinen <a href=\"https:\/\/de.wikipedia.org\/wiki\/Pileolus\" target=\"_blank\">Pileolus<\/a>, sein Scheitelk\u00e4ppchen, und zieht sich in ein Kloster zur\u00fcck. Dieser Entscheidung kann man nur Respekt zollen. Aber ich denke, dass es auch Zeit wird.<\/p>\n<p>Als er vor fast acht Jahren zum Papst gew\u00e4hlt wurde, schrieb ich:<\/p>\n<p><em>Bei aller Freude besteht bei vielen Skepsis, denn Benedikt XVI ist als konservativ bekannt, als Bewahrer der reinen Glaubenslehre, die sich entgegen jedem Modetrend zu bew\u00e4hren hat.<\/em><\/p>\n<p><em>Aber in bestimmten Dingen muss sich der neue Hirte \u00fcber eine Milliarde Menschen doch fragen lassen, ob auch unabh\u00e4ngig vom Zeitgeist \u00c4nderungen \u00fcberholter Ansichten notwendig sind.<\/em> &#8230;<\/p>\n<p>Die Skepsis besteht bis heute zurecht. Aus religi\u00f6ser Sicht war Benedikt XVI sicherlich ein guter Papst. Und sicherlich hat er sich f\u00fcr den Frieden auf unserer Erde eingesetzt. Aber als Hirte so vieler Menschen mit all ihren menschlichen Bed\u00fcrfnissen im Diesseits vermochte er keine befriedigenden \u00c4nderungen \u00fcberholter Dogmen der katholischen Kirche durchzusetzen. F\u00fcr uns alle bleibt die katholische Doppelmoral un\u00fcbersehbar sichtbar. Der sexuelle Missbrauch durch kirchliche W\u00fcrdentr\u00e4ger wurde bisher nur unzurechend aufgearbeitet. <\/p>\n<p>Jetzt wird \u00fcber einen Nachfolger spekuliert. <em>\u201eAls geeignete Nachfolger werden unter anderem der Mail\u00e4nder Erzbischof Angelo Scola (71) und die beiden Afrikaner Peter Turkson (64) aus Ghana und Francis Arinze (80) aus Nigeria genannt. Auch Kardinal Marc Ouellet (68) aus Quebec und dem New Yorker Erzbischof Timothy Dolan (63) werden Chancen einger\u00e4umt. Aus Lateinamerika werden der Erzbischof von Sao Paulo, Kardinal Otto Scherer (63), und Kurienkardinal Leonardo Sandri (69) aus Argentinien genannt. Aus Asien gilt der philippinische Kardinal Luis Antonio Tagle (55) als \u201apapabile\u2019, also als m\u00f6glicher Papst.\u201c<\/em> (Quelle: <a href=\"http:\/\/www.heute.de\/Erster-Papst-Auftritt-seit-R%C3%BCcktrittsank%C3%BCndigung-26578190.html\" target=\"_blank\">heute.de<\/a>).<\/p>\n<p>Wer es auch sein wird, die Erwartungen sind hoch: Das neue Kirchenoberhaupt muss offen f\u00fcr die Welt sein und der Katholizismus wieder an Bodenst\u00e4ndigkeit gewinnen.<\/p>\n","protected":false},"excerpt":{"rendered":"<p>Nat\u00fcrlich war auch ich erstaunt, als ich der Meldung las: Der Papst tritt zur\u00fcck. Am Rosenmontag kann man das schon f\u00fcr einen Scherz halten. Wie viele dachte ich, ein Papst tritt nicht zur\u00fcck, der stirbt und dann kommt ein neuer. Nun mit P\u00e4psten habe ich nicht viel am Hut, auch wenn in diesem Blog das &hellip; <a href=\"https:\/\/willizblog.de\/?p=6932\" class=\"more-link\"><span class=\"screen-reader-text\">Der Papst geht<\/span> weiterlesen <span class=\"meta-nav\">&rarr;<\/span><\/a><\/p>\n","protected":false},"author":1,"featured_media":0,"comment_status":"open","ping_status":"open","sticky":false,"template":"","format":"standard","meta":[],"categories":[15,20],"tags":[],"_links":{"self":[{"href":"https:\/\/willizblog.de\/index.php?rest_route=\/wp\/v2\/posts\/6932"}],"collection":[{"href":"https:\/\/willizblog.de\/index.php?rest_route=\/wp\/v2\/posts"}],"about":[{"href":"https:\/\/willizblog.de\/index.php?rest_route=\/wp\/v2\/types\/post"}],"author":[{"embeddable":true,"href":"https:\/\/willizblog.de\/index.php?rest_route=\/wp\/v2\/users\/1"}],"replies":[{"embeddable":true,"href":"https:\/\/willizblog.de\/index.php?rest_route=%2Fwp%2Fv2%2Fcomments&post=6932"}],"version-history":[{"count":0,"href":"https:\/\/willizblog.de\/index.php?rest_route=\/wp\/v2\/posts\/6932\/revisions"}],"wp:attachment":[{"href":"https:\/\/willizblog.de\/index.php?rest_route=%2Fwp%2Fv2%2Fmedia&parent=6932"}],"wp:term":[{"taxonomy":"category","embeddable":true,"href":"https:\/\/willizblog.de\/index.php?rest_route=%2Fwp%2Fv2%2Fcategories&post=6932"},{"taxonomy":"post_tag","embeddable":true,"href":"https:\/\/willizblog.de\/index.php?rest_route=%2Fwp%2Fv2%2Ftags&post=6932"}],"curies":[{"name":"wp","href":"https:\/\/api.w.org\/{rel}","templated":true}]}}