{"id":6944,"date":"2013-02-18T10:50:42","date_gmt":"2013-02-18T09:50:42","guid":{"rendered":"http:\/\/www.willizblog.de\/?p=6944"},"modified":"2017-02-20T09:06:04","modified_gmt":"2017-02-20T09:06:04","slug":"von-oldies-schwachen-nerven-und-rutschigem-schnee","status":"publish","type":"post","link":"https:\/\/willizblog.de\/?p=6944","title":{"rendered":"Von Oldies, schwachen Nerven und rutschigem Schnee"},"content":{"rendered":"<p>Der gute Mann geht auf die 40 zu (geboren am 27. Januar 1974) und ist der erfolgreichste Biathlet bei Olympischen Spielen und Weltmeisterschaften: <a href=\"https:\/\/de.wikipedia.org\/wiki\/Ole_Einar_Bj%C3%B8rndalen\" target=\"_blank\">Ole Einar Bj\u00f8rndalen<\/a>. Bei der <a href=\"https:\/\/de.wikipedia.org\/wiki\/Biathlon-Weltmeisterschaften_2013\" target=\"_blank\">46. Biathlon-Weltmeisterschaften<\/a>, die vom 6. bis 17. Februar 2013 im tschechischen Wintersportort Nov\u00e9 Mesto na Morave stattfand, holte er in der Staffel noch einmal Gold. Im 10 km Sprint reichte es dagegen \u201anur\u2019 zum 4. Platz. Dabei ist es weniger die Lauf- als die Schie\u00dfleistung, die ihn in Einzelwettbewerben nicht mehr aufs Podest hieven l\u00e4sst.<\/p>\n<p>Inzwischen hat der gute Ole Einar seinen Nachfolger in Emil Hegle Svendsen gefunden, der es auf insgesamt vier Goldmedaillen und einmal Bronze brachte und lediglich von seiner Landsm\u00e4nnin Tora Berger (4x Gold, 2x Silber) \u00fcberrundet wurde. Von 11 Wettbewerben gewann die Norweger acht. Neben Emil Hegle Svendsen ist vielleicht noch der Franzose Martin Fourcade zu nennen, der ein Einzelrennen gewann, aber daf\u00fcr viermal das Nachsehen (in Form von Silber) gegen\u00fcber den Norwegern hatte (bei der letzten <a href=\"https:\/\/de.wikipedia.org\/wiki\/Biathlon-Weltmeisterschaften_2012\" target=\"_blank\">WM 2012 in Ruhpolding<\/a> gewann Fourcade noch 3x Gold und 1x Silber).<\/p>\n<p>Und wie erging es den deutschen Biathletinnen und Biathleten ein Jahr nach <a href=\"https:\/\/de.wikipedia.org\/wiki\/Magdalena_Neuner\">Magdalena Neuner<\/a>? Es war eher Magerkost, was diese in Nov\u00e9 Mesto na Morave boten. Lediglich Andrea Henkel konnte Silber \u00fcber 15 km nach sehr guten Schie\u00dfergebnissen gewinnen. Es war dann aber auch jene Andrea Henkel, die mit f\u00fcnf Fehlsch\u00fcssen eine Medaillenplatzierung in der Frauen-Staffel verhinderte. \u00c4hnlich erging es der gro\u00dfen Hoffnung Miriam G\u00f6ssner, die im Massenstart mit drei Schie\u00dffehlern am Schluss vielleicht sogar den Sieg verschenkte (\u201anur\u2019 6. Platz). Und bei den Herren reichte es insgesamt nur zu einem 3. Platz in der Staffel. Hier versemmelte Erik Lesser ebenfalls durch viel zu viele Schie\u00dffehler ein besseres Ergebnis. Im Massenstart machte er es dann besser und wurde knapp hinter dem Sieger immerhin noch 5. Es wartet also noch viel Arbeit auf den Bundestrainer, um bei den n\u00e4chsten <a href=\"https:\/\/de.wikipedia.org\/wiki\/Olympische_Winterspiele_2014\" target=\"_blank\">Olympischen Spielen 2014 in Sotschi<\/a> erfolgreicher zu sein.<\/p>\n<p>Vom 4. bis 17. Februar 2013 fast zeitgleich fand <a href=\"https:\/\/de.wikipedia.org\/wiki\/Alpine_Skiweltmeisterschaft_2013\">in Schladming die 42. Alpine Skiweltmeisterschaft<\/a> statt. Nach der Pleite <a href=\"https:\/\/de.wikipedia.org\/wiki\/Alpine_Skiweltmeisterschaft_2011\">vor zwei Jahren bei der WM in heimischen Garmisch-Partenkirchen<\/a> (2x Bronze) waren die deutschen Wintersportler diesmal etwas erfolgreicher. Nach Bronze in der Abfahrt gewann <em>Maria H\u00f6fl-Riesch<\/em> Gold in der Kombination aus Abfahrt und Slalom. Die Allrounderin zeigte dann aber Nerven sowohl im Super-G als auch Slalom und schied vorzeitig aus. Mit Silber d\u00fcrfte dagegen <em>Felix Neureuther<\/em> im Slalom sein Soll erf\u00fcllt haben. Der Sohn von Rosi Mittermaier (die Gold-Rosi von den Olympische Winterspiele 1976) und <a href=\"https:\/\/de.wikipedia.org\/wiki\/Felix_Neureuther\" target=\"_blank\">Christian Neureuther<\/a> ist damit endg\u00fcltig in der Weltklasse der Slaloml\u00e4ufer angekommen. Dann gab es noch einmal Bronze im Team-Wettbewerb, der in Form von Parallelriesenslaloms ausgetragen wird.<\/p>\n<p>\u00dcberragender Athlet war ohne Zweifel der US-Amerikaner <em>Ted Ligety<\/em> mit drei Siegen. Bei den Frauen war die Slowenin <em>Tina Maze<\/em> erfolgreichste Sportlerin.<\/p>\n<p>Am Mittwoch startet dann die n\u00e4chste Wintersport-WM: Die <a href=\"https:\/\/de.wikipedia.org\/wiki\/Nordische_Skiweltmeisterschaft_2013\" target=\"_blank\">49. Nordische Skiweltmeisterschaft<\/a> wird vom 20. Februar bis 3. M\u00e4rz 2013 im italienischen Val di Fiemme stattfinden.<\/p>\n<p>siehe auch meinen Beitrag: <a href=\"https:\/\/www.willizblog.de\/?p=4123\" target=\"_blank\">Nordische Ski-WM und Biathlon-WM 2011<\/a><\/p>\n","protected":false},"excerpt":{"rendered":"<p>Der gute Mann geht auf die 40 zu (geboren am 27. Januar 1974) und ist der erfolgreichste Biathlet bei Olympischen Spielen und Weltmeisterschaften: Ole Einar Bj\u00f8rndalen. Bei der 46. Biathlon-Weltmeisterschaften, die vom 6. bis 17. Februar 2013 im tschechischen Wintersportort Nov\u00e9 Mesto na Morave stattfand, holte er in der Staffel noch einmal Gold. Im 10 &hellip; <a href=\"https:\/\/willizblog.de\/?p=6944\" class=\"more-link\"><span class=\"screen-reader-text\">Von Oldies, schwachen Nerven und rutschigem Schnee<\/span> weiterlesen <span class=\"meta-nav\">&rarr;<\/span><\/a><\/p>\n","protected":false},"author":1,"featured_media":0,"comment_status":"open","ping_status":"open","sticky":false,"template":"","format":"standard","meta":[],"categories":[4],"tags":[],"_links":{"self":[{"href":"https:\/\/willizblog.de\/index.php?rest_route=\/wp\/v2\/posts\/6944"}],"collection":[{"href":"https:\/\/willizblog.de\/index.php?rest_route=\/wp\/v2\/posts"}],"about":[{"href":"https:\/\/willizblog.de\/index.php?rest_route=\/wp\/v2\/types\/post"}],"author":[{"embeddable":true,"href":"https:\/\/willizblog.de\/index.php?rest_route=\/wp\/v2\/users\/1"}],"replies":[{"embeddable":true,"href":"https:\/\/willizblog.de\/index.php?rest_route=%2Fwp%2Fv2%2Fcomments&post=6944"}],"version-history":[{"count":0,"href":"https:\/\/willizblog.de\/index.php?rest_route=\/wp\/v2\/posts\/6944\/revisions"}],"wp:attachment":[{"href":"https:\/\/willizblog.de\/index.php?rest_route=%2Fwp%2Fv2%2Fmedia&parent=6944"}],"wp:term":[{"taxonomy":"category","embeddable":true,"href":"https:\/\/willizblog.de\/index.php?rest_route=%2Fwp%2Fv2%2Fcategories&post=6944"},{"taxonomy":"post_tag","embeddable":true,"href":"https:\/\/willizblog.de\/index.php?rest_route=%2Fwp%2Fv2%2Ftags&post=6944"}],"curies":[{"name":"wp","href":"https:\/\/api.w.org\/{rel}","templated":true}]}}