{"id":6951,"date":"2013-02-19T09:58:07","date_gmt":"2013-02-19T08:58:07","guid":{"rendered":"http:\/\/www.willizblog.de\/?p=6951"},"modified":"2013-02-20T11:57:29","modified_gmt":"2013-02-20T10:57:29","slug":"oh-ohr-geschwungen-schon","status":"publish","type":"post","link":"https:\/\/willizblog.de\/?p=6951","title":{"rendered":"Oh, Ohr, geschwungen sch\u00f6n &#8230;"},"content":{"rendered":"<ul>Als Maria sich die wei\u00dfe Mantelsch\u00fcrze anzog und sich hinter den Ladentisch unseres Gesch\u00e4ftes stellte, trug sie noch Z\u00f6pfe hinter ihren rasch durchbluteten, derb gesunden Ohren, deren L\u00e4ppchen leider nicht frei hingen, sondern direkt, zwar kein unsch\u00f6nes F\u00e4ltchen ziehend, aber doch degeneriert genug in das Fleisch \u00fcberm Unterkiefer wuchsen, um Schl\u00fcsse \u00fcber Marias Charakter zuzulassen. Sp\u00e4ter schwatze Matzerath dem M\u00e4dchen Dauerwellen auf: die Ohren blieben verborgen. Heute stellt Maria unter modisch kurzgeschnittenem Wuschelkopf nur die angewachsenen L\u00e4ppchen zur Schau; sch\u00fctzt aber die kleinen Sch\u00f6nheitsfehler durch gro\u00dfe, ein wenig geschmacklose Klips.<\/ul>\n<ul>So steht es geschrieben bei <a href=\"https:\/\/www.willizblog.de\/index.php?s=g%C3%BCnter+grass\" target=\"_blank\">G\u00fcnter Grass<\/a>: <a target=\"_blank\" href=\"https:\/\/www.amazon.de\/gp\/search?ie=UTF8&#038;camp=1638&#038;creative=6742&#038;index=books&#038;keywords=g%C3%BCnter%20grass%20blechtrommel&#038;linkCode=ur2&#038;tag=familiealbin-21\">Die Blechtrommel<\/a><img loading=\"lazy\" src=\"https:\/\/www.assoc-amazon.de\/e\/ir?t=familiealbin-21&#038;l=ur2&#038;o=3\" width=\"1\" height=\"1\" border=\"0\" alt=\"\" style=\"border:none !important; margin:0px !important;\" \/> (S. 214 &#8211; Sonderausgabe Sammlung Luchterhand 147 \u2013 13. Auflage 1979 \u2013 Hermann Luchterhand Verlag, Darmstadt und Neuwied).\n<\/ul>\n<p>Es sind Ohren, die es mir angetan haben. Ich meine weniger das H\u00f6rorgan, sondern das <a href=\"https:\/\/de.wikipedia.org\/wiki\/Au%C3%9Fenohr\" target=\"_blank\">\u00e4u\u00dfere Ohr<\/a>, die Ohrmuschel. Andere gucken auf den Po oder den Busen einer Frau. Ich betrachte mir die Ohren. Wohlgeformt m\u00fcssen sie sein, geradezu aerodynamisch gerundet, und Ohrl\u00e4ppchen sollten sie haben. Denn alle Ohren ohne oder mit festgewachsenem L\u00e4ppchen \u2013 wie bei Grass\u2019 Maria \u2013 sind die von au\u00dferirdischen Damen, ja, das ist meine Meinung: weibliche Aliens! Es sind keine \u201eSchl\u00fcsse \u00fcber den Charakter\u201c, es sind Schl\u00fcsse \u00fcber die Herkunft! Aus entfernten Galaxien kommen sie, um sich bei uns \u201eeinzuschleichen\u201c. Ob nun mit <a href=\"https:\/\/de.wikipedia.org\/wiki\/Darwin-Ohrh%C3%B6cker\" target=\"_blank\">Darwin-H\u00f6ckerlein<\/a> oder ohne, schaut auf die Ohrl\u00e4ppchen, ob sie \u201ein das Fleisch \u00fcberm Unterkiefer\u201c verwachsen sind oder ganz und gar ohne diese lediglich mit Knorpel enden.<\/p>\n<p>Ihr wollt ein Beispiel? <a href=\"https:\/\/de.wikipedia.org\/wiki\/Natalie_Portman\" target=\"_blank\">Natalie Portman<\/a>, ihres Zeichen Schauspielerin und sicherlich eine sch\u00f6ne Frau \u2013 sie spielte in einem Film namens <a href=\"https:\/\/de.wikipedia.org\/wiki\/Mars_Attacks!\">Mars Attacks!<\/a> (sic!) und in den drei Folgen Starwars Episode I, II und III die K\u00f6nigin und sp\u00e4tere Senatorin <a href=\"https:\/\/de.wikipedia.org\/wiki\/Figuren_aus_Star_Wars#Padm.C3.A9_Amidala\" target=\"_blank\">Padm\u00e9 Amidala<\/a> vom Planeten <a href=\"https:\/\/de.wikipedia.org\/wiki\/Orte_aus_Star_Wars#Naboo\" target=\"_blank\">Naboo<\/a> (nochmals: sic!). Ist das nicht Beweis genug? Au\u00dferirdisch, wenn auch sonst den Menschen gleich.<\/p>\n<p>Ganz anders <a href=\"https:\/\/de.wikipedia.org\/wiki\/Demi_Moore\" target=\"_blank\">Demi Moore<\/a>. Ich meine die junge Demi Moore aus Filmen wie <a href=\"https:\/\/www.willizblog.de\/?p=345\" target=\"_blank\">Ghost \u2013 Nachricht von Sam<\/a>. Da ist das Ohr wunderbar wie auf einer Achterbahn geschwungen und endet in einem fleischigen, ich nenne es knubbeligen Ohrl\u00e4ppchen. Wunderbar!<\/p>\n<table border=\"0\" cellpadding=\"4\" cellspacing=\"0\" width=\"100%\">\n<tr>\n<td width=\"33%\">\n<p align=\"center\"><img loading=\"lazy\" border=\"0\" src=\"https:\/\/www.willizblog.de\/images\/ohr_natalie_portman.jpg\" alt=\"Natalie Portman: Ohr\" width=\"180\" height=\"220\"><\/td>\n<td width=\"33%\">\n<p align=\"center\"><img loading=\"lazy\" border=\"0\" src=\"https:\/\/www.willizblog.de\/images\/ohr_demi_moore.jpg\" alt=\"Demi Moore: Ohr\" width=\"180\" height=\"220\"><\/td>\n<td width=\"34%\">\n<p align=\"center\"><img loading=\"lazy\" border=\"0\" src=\"https:\/\/www.willizblog.de\/images\/ohr_david_bennent.jpg\" alt=\"David Bennent: Ohr\" width=\"180\" height=\"220\"><\/td>\n<\/tr>\n<tr>\n<td width=\"33%\">\n<p align=\"center\"><font face=\"Lucida Grande, Lucida Sans Unicode, Verdana, sans-serif\" size=\"2\">Natalie Portman: Ohr<\/font><\/td>\n<td width=\"33%\">\n<p align=\"center\"><font face=\"Lucida Grande, Lucida Sans Unicode, Verdana, sans-serif\" size=\"2\">Demi Moore: Ohr<\/font><\/td>\n<td width=\"34%\">\n<p align=\"center\"><font face=\"Lucida Grande, Lucida Sans Unicode, Verdana, sans-serif\" size=\"2\">David Bennent: Ohr<\/font><\/td>\n<\/tr>\n<\/table>\n<p>Noch etwas anders Oskar Matzerath, ich meine <a href=\"https:\/\/de.wikipedia.org\/wiki\/David_Bennent\" target=\"_blank\">David Bennent<\/a>, sein Darsteller in Schl\u00f6ndorffs Film. Auch im Erwachsenenalter klein geblieben, sind seine Ohren (es d\u00fcrfen auch einmal m\u00e4nnliche Ohren sein) der Inbegriff der Bodenst\u00e4ndigkeit \u2013 auch wenn sie etwas zum Segeln einladen m\u00f6gen.<\/p>\n<p>Was w\u00e4ren wir ohne Ohren \u2013 rein optisch gesehen. Es war <a href=\"https:\/\/de.wikipedia.org\/wiki\/Vincent_van_Gogh\" target=\"_blank\">Vincent van Gogh<\/a>, der sich ein Ohr, einen Teil des Ohres oder vielleicht doch nur das <a href=\"http:\/\/wildegans.de\/vangogh\/\" target=\"_blank\">Ohrl\u00e4ppchen abgeschnitten<\/a> hat (gekl\u00e4rt wurde das irgendwie nie \u2013 und vielleicht war der \u00dcbelt\u00e4ter sogar Paul Gauguin, mit dem van Gogh Streit hatte). Der Vorfall gilt als erste Manifestation seiner psychischen Erkrankung: Ohrverlust als Gesichtsverlust! Ohne Ohren ist das menschliche Gesicht doch ziemlich entstellt. Wer seine Ohren nicht mag, versteckt diese gern unter wallenden Locken.<\/p>\n<p>Nat\u00fcrlich kann ich das Antlitz eines Menschen nicht auf seine Ohren reduzieren. Ohne Nase (in einem fr\u00fcheren Beitrag habe ich wohl etwas zu Nasen ge\u00e4u\u00dfert \u2013 ganz am Schluss des Beitrags: <a href=\"https:\/\/www.willizblog.de\/?p=626\" target=\"_blank\">Was ist blo\u00df mit Ian los? Teil 16: Ians kleiner Finger<\/a>), ohne Mund, ohne Augen \u2013 unvorstellbar! Aber die Ohren werden oft \u00fcbersehen, einfach ignoriert. Dabei kann in ihnen soviel Anmut, geschwungene Sch\u00f6nheit liegen. Erst wenn sie offensichtlich fehlen, werden die meisten ihrer bewusst.<\/p>\n","protected":false},"excerpt":{"rendered":"<p>Als Maria sich die wei\u00dfe Mantelsch\u00fcrze anzog und sich hinter den Ladentisch unseres Gesch\u00e4ftes stellte, trug sie noch Z\u00f6pfe hinter ihren rasch durchbluteten, derb gesunden Ohren, deren L\u00e4ppchen leider nicht frei hingen, sondern direkt, zwar kein unsch\u00f6nes F\u00e4ltchen ziehend, aber doch degeneriert genug in das Fleisch \u00fcberm Unterkiefer wuchsen, um Schl\u00fcsse \u00fcber Marias Charakter zuzulassen. &hellip; <a href=\"https:\/\/willizblog.de\/?p=6951\" class=\"more-link\"><span class=\"screen-reader-text\">Oh, Ohr, geschwungen sch\u00f6n &#8230;<\/span> weiterlesen <span class=\"meta-nav\">&rarr;<\/span><\/a><\/p>\n","protected":false},"author":1,"featured_media":0,"comment_status":"open","ping_status":"open","sticky":false,"template":"","format":"standard","meta":[],"categories":[1,13,14],"tags":[],"_links":{"self":[{"href":"https:\/\/willizblog.de\/index.php?rest_route=\/wp\/v2\/posts\/6951"}],"collection":[{"href":"https:\/\/willizblog.de\/index.php?rest_route=\/wp\/v2\/posts"}],"about":[{"href":"https:\/\/willizblog.de\/index.php?rest_route=\/wp\/v2\/types\/post"}],"author":[{"embeddable":true,"href":"https:\/\/willizblog.de\/index.php?rest_route=\/wp\/v2\/users\/1"}],"replies":[{"embeddable":true,"href":"https:\/\/willizblog.de\/index.php?rest_route=%2Fwp%2Fv2%2Fcomments&post=6951"}],"version-history":[{"count":0,"href":"https:\/\/willizblog.de\/index.php?rest_route=\/wp\/v2\/posts\/6951\/revisions"}],"wp:attachment":[{"href":"https:\/\/willizblog.de\/index.php?rest_route=%2Fwp%2Fv2%2Fmedia&parent=6951"}],"wp:term":[{"taxonomy":"category","embeddable":true,"href":"https:\/\/willizblog.de\/index.php?rest_route=%2Fwp%2Fv2%2Fcategories&post=6951"},{"taxonomy":"post_tag","embeddable":true,"href":"https:\/\/willizblog.de\/index.php?rest_route=%2Fwp%2Fv2%2Ftags&post=6951"}],"curies":[{"name":"wp","href":"https:\/\/api.w.org\/{rel}","templated":true}]}}