{"id":696,"date":"2006-12-14T00:45:35","date_gmt":"2006-12-13T22:45:35","guid":{"rendered":"http:\/\/www.albinz.de\/blog\/?p=696"},"modified":"2006-12-11T15:58:06","modified_gmt":"2006-12-11T13:58:06","slug":"was-ist-blos-mit-ian-los-teil-36-minnesanger-auf-der-empore","status":"publish","type":"post","link":"https:\/\/willizblog.de\/?p=696","title":{"rendered":"Was ist blo\u00df mit Ian los? Teil 36: Minnes\u00e4nger auf der Empore"},"content":{"rendered":"<p><em>Hallo Wilfried,<\/em><\/p>\n<p><em>es ist nicht sch\u00f6n, wenn man so etwas zugeben muss, aber die letzten weihnachtlichen Gef\u00fchle hatte ich als Kind. Aber ich m\u00f6chte hier nicht \u00fcber das Fest herziehen; die Grundidee des Festes war gut und zu dem, was daraus geworden ist, habe ich meinen Beitrag geleistet und werde es sehr wahrscheinlich auch weiterhin tun.<\/em><\/p>\n<p><em>Ist die Montage in Deiner letzten mail von Dir ??? Falls ja, w\u00fcrde ich gerne wissen, wie Du das hinbekommen hast. Sensationell !<\/em><\/p>\n<p><em>Tja, mit dem 40j\u00e4hrigen Jubil\u00e4um im kommenden Jahr lag ich wohl daneben. Einige Quellen (z.B. Wikipedia) nennen 1967 als Gr\u00fcndungsjahr. So ist das eben mit bedeutenden Ereignissen, die lange zur\u00fcck liegen; auch Christi Geburt l\u00e4sst sich nicht mehr exakt datieren.<\/em><\/p>\n<p><em>Bei \u201ecupofwonder\u201c habe ich fr\u00fcher schon mal reingeschaut. Aber nicht oft; die englischsprachigen Beitr\u00e4ge sind mir zu anstrengend. Voorbij m\u00fcsste sich wie &#8222;vorbei&#8220; anh\u00f6ren, aber da ich kein niederl\u00e4ndisch spreche, bin ich nicht sicher. Heute war ich auf dem Konsulat, da mein Ausweis abl\u00e4uft. Gl\u00fccklicherweise sprach die Dame dort deutsch.<\/em><\/p>\n<p><em>Um ehrlich zu sein, habe ich mir nie Gedanken dar\u00fcber gemacht, wer die einleitenden Worte auf \u201eMinstrel\u201c spricht. Sie sind sehr leise, genuschelt und zum Gl\u00fcck schnell vorbei. Ein tolles Album \u00fcbrigens. Ich konnte mich nie entscheiden, welches mein Lieblingsalbum von JT ist. \u201eMinstrel\u201c geh\u00f6rt auf jeden Fall zur engeren Wahl. Irgendwo las ich, dass Mr. Anderson zurzeit dieses Albums Probleme hatte, deshalb klinge das Werk so finster. Wei\u00dft Du, welche Probleme das damals waren ?<\/em><\/p>\n<p><em>N\u00e4chste Woche ist der Meister in Maria Laach. Fast auf H\u00f6rweite. Wenn ich Zeit h\u00e4tte, w\u00fcsste ich, was zu tun ist &#8230;<\/em><\/p>\n<p><em>Bis bald<\/em><br \/>\n<em>Lockwood<\/em><\/p>\n<p>08.12.2006<\/p>\n<p>~~~~~~~~~~~~~~~~~~~~~~~~~~~~~~~~~~~~~~~~~~~~~~~~~~~~~~~~~~~~~~~~~~~~<\/p>\n<p><em>Hallo Lockwood,<\/em><\/p>\n<p><em>wie Du vielleicht in meinem Weblog siehst, versucht meine Frau mich und die Kinder durch entsprechende Dekoration weihnachtlich einzustimmen. Nun gestern hatten wir ja einen zwar kalten, aber daf\u00fcr sonnigen Sonntag, der f\u00f6rmlich zum spazieren einlud, was ich mit meiner Frau dann auch gern wahrnahm. Dabei kam dann wenigstens etwas von Weihnachtsbesinnlichkeit auf.<\/em><\/p>\n<p><em>Also das ZDF sendet ab 17 Uhr das Weihnachtskonzert des Bundespr\u00e4sidenten \u2013 und wir d\u00fcrfen uns auf einen hoffentlich nicht zu kurzen Auftritt des Meisters freuen. Da wir wohl erst nach 18 Uhr essen werden, werde ich mir das Ereignis also schon gleich am Fernseher angucken. Lassen wir uns \u00fcberraschen.<\/em><\/p>\n<p><em>Nein, die Montage ist nicht von mir. Ich habe sie im Internet bei <a href=\"http:\/\/www.cupofwonder.com\/xmas2.html\" target=\"_blank\">cupofwonder.com<\/a> gefunden. Allerdings ist das Bildchen auch ziemlich \u00e4tzend. Steht bei Aqualung an der Wand<\/em> \u201eSPEND CHRISTMAS SKIING &#8230;\u201c <em>so hei\u00dft es bei dem guten Aquaclaus<\/em> \u201eSPEND CHRISTMAS SHAGGING &#8230;\u201c. <em>Ansonsten stimme ich Dir zu: Die Montage ist wirklich gegl\u00fcckt. Ich denke aber, dass der Mantel eigentlich nur in rot gef\u00e4rbt wurde. Trotzdem viel Arbeit. Ich habe ein etwas gr\u00f6\u00dferes Bild, da steht unten rechts ein Name:<\/em> F. Mahalland <em>oder so \u00e4hnlich (die a\u2019s k\u00f6nnten auch teilweise o\u2019s sein); das d\u00fcrfte der K\u00fcnstler sein. Ich bin zz. mehr mit Videobearbeitung (Ulead MediaStudio Pro 8 ) besch\u00e4ftigt (soweit ich Zeit finde). Damit kann man auch viele \u201asch\u00f6ne Sachen\u2019 machen. Ich habe lange dar\u00fcber gebr\u00fctet, wie ich einen Titel in Starwars-Manier zustande bekomme. Du wei\u00dft, vorn wird ein Text eingeblendet, der langsam zur Mitte f\u00e4hrt und dabei kleiner wird. Mit Hilfe meines J\u00fcngsten (Lukas) habe ich es (fast) hinbekommen. Ansonsten bin ich mit dem Video f\u00fcr meine Frau zu deren Geburtstag zu ziemlich fertig.<\/em><\/p>\n<p><em>Was die Arbeit betrifft, so lasse ich die Tage bis Weihnachten langsam ausklingen. Nach Weihnachten habe ich einige Tage frei und brauche erst am 4. Januar wieder zur Arbeit. Das diesj\u00e4hrige Weihnachtsprogramm sieht durch die Geburtstagsfeier meiner Frau bei uns etwas anders aus. Heiligabend feiern wir allein unter uns \u2013 wie gehabt. Dieses Jahr werden wir wohl zum Mitternachtsgottesdienst gehen, bisher waren wir immer nachmittags in unserer <a href=\"https:\/\/www.willizblog.de\/?p=74\" target=\"_blank\">Johannes-Kirche<\/a>. Den 1. Weihnachtstag bleiben wir zu Hause (Vorbereitungen zur Feier). Bisher waren wir an diesem Tag (fast) immer in Bremen bei meinen Eltern bzw. bei meiner Verwandtschaft. Und den 2. Feiertag ging es dann zu meinen Schwiegereltern. Das entf\u00e4llt dieses Jahr auch. Man sieht sich ja abends (ab 18 Uhr geht es los). Da ich Spielchen jeder Art und auch lange Dankesreden hasse, zeige ich in einem Nebenraum das in m\u00fchevoller Arbeit zusammengebastelte Video \u201aaus dem Leben\u2019 meiner Frau. Ich habe mir vor gut zwei Jahren einmal einen Beamer zugelegt. Da l\u00e4sst sich dann ein DVD-Player anschlie\u00dfen.<\/em><\/p>\n<p><em>Zu den Problemen, die Ian Anderson 1975 bei Erscheinen des \u201eMinstrel\u201c-Albums gehabt haben soll, wei\u00df ich leider nichts. In dem Jahr war er gewisserma\u00dfen solo. Im Februar 1970 hatte er Jennie Franks geheiratet, die ja bekanntlich den Text zu \u201eAqualung\u201c verfasste. Und laut Zeitungsartikel aus dem Jahre 1999 \u00fcber Jennie Franks waren beide seit Erscheinen von \u201eAqualung\u201c bereits geschieden<\/em> (\u201eSince \u201aAqualung\u2019 came out, she \u2019s divorced Jethro Tull lead singer Ian Anderson &#8230;\u201c). <em>Die Scheibe kam in UK im M\u00e4rz 1971 (in den Staaten im Mai 1971) heraus. Shona Jacqueline Learoyd hat Anderson 1976 geheiratet, also ein Jahr sp\u00e4ter. Vielleicht besteht hier ein Zusammenhang (Minnes\u00e4nger -> <a href=\"https:\/\/www.albinz.net\/jethrotull\/ia_wives.html\" target=\"_blank\">Frauen und so<\/a>).<\/em><\/p>\n<p><img src=\"https:\/\/www.albinz.net\/models\/shona_ian_willi.jpg\" alt=\"Willi mit Shona und Ian Anderson\" \/><br \/>\nWilli mit Shona und Ian Anderson (okay, die Montage ist Mist, als h\u00e4tte ich einen Genickbruch, egal \u2013 immerhin ein ziemlich neues Bild von Shona mit Gatten)<\/p>\n<p><em>Heute einmal so gut wie nichts zu Jethro Tull und Ian Anderson. Wie sieht die Weihnachtszeit eigentlich bei Dir und Deiner Familie so aus?<\/em><\/p>\n<p><em>Noch sch\u00f6ne und hoffentlich stressfreie Tage<\/em><br \/>\n<em>Wilfried<\/em><\/p>\n<p>11.12.2006<\/p>\n<p><a href=\"http:\/\/babelfish.altavista.com\/babelfish\/trurl_pagecontent?url=https:\/\/www.willizblog.de\/?p=696&#038;lp=de%5Fen\" target=\"_blank\">English Translation for Ian Anderson<\/a><\/p>\n","protected":false},"excerpt":{"rendered":"<p>Hallo Wilfried, es ist nicht sch\u00f6n, wenn man so etwas zugeben muss, aber die letzten weihnachtlichen Gef\u00fchle hatte ich als Kind. Aber ich m\u00f6chte hier nicht \u00fcber das Fest herziehen; die Grundidee des Festes war gut und zu dem, was daraus geworden ist, habe ich meinen Beitrag geleistet und werde es sehr wahrscheinlich auch weiterhin &hellip; <a href=\"https:\/\/willizblog.de\/?p=696\" class=\"more-link\"><span class=\"screen-reader-text\">Was ist blo\u00df mit Ian los? Teil 36: Minnes\u00e4nger auf der Empore<\/span> weiterlesen <span class=\"meta-nav\">&rarr;<\/span><\/a><\/p>\n","protected":false},"author":6,"featured_media":0,"comment_status":"closed","ping_status":"closed","sticky":false,"template":"","format":"standard","meta":[],"categories":[43],"tags":[],"_links":{"self":[{"href":"https:\/\/willizblog.de\/index.php?rest_route=\/wp\/v2\/posts\/696"}],"collection":[{"href":"https:\/\/willizblog.de\/index.php?rest_route=\/wp\/v2\/posts"}],"about":[{"href":"https:\/\/willizblog.de\/index.php?rest_route=\/wp\/v2\/types\/post"}],"author":[{"embeddable":true,"href":"https:\/\/willizblog.de\/index.php?rest_route=\/wp\/v2\/users\/6"}],"replies":[{"embeddable":true,"href":"https:\/\/willizblog.de\/index.php?rest_route=%2Fwp%2Fv2%2Fcomments&post=696"}],"version-history":[{"count":0,"href":"https:\/\/willizblog.de\/index.php?rest_route=\/wp\/v2\/posts\/696\/revisions"}],"wp:attachment":[{"href":"https:\/\/willizblog.de\/index.php?rest_route=%2Fwp%2Fv2%2Fmedia&parent=696"}],"wp:term":[{"taxonomy":"category","embeddable":true,"href":"https:\/\/willizblog.de\/index.php?rest_route=%2Fwp%2Fv2%2Fcategories&post=696"},{"taxonomy":"post_tag","embeddable":true,"href":"https:\/\/willizblog.de\/index.php?rest_route=%2Fwp%2Fv2%2Ftags&post=696"}],"curies":[{"name":"wp","href":"https:\/\/api.w.org\/{rel}","templated":true}]}}