{"id":6996,"date":"2013-03-02T07:50:51","date_gmt":"2013-03-02T06:50:51","guid":{"rendered":"http:\/\/www.willizblog.de\/?p=6996"},"modified":"2013-03-04T08:06:29","modified_gmt":"2013-03-04T07:06:29","slug":"ja-beim-burgerentscheid-am-03032013","status":"publish","type":"post","link":"https:\/\/willizblog.de\/?p=6996","title":{"rendered":"JA beim B\u00fcrgerentscheid am 03.03.2013"},"content":{"rendered":"<p>Morgen ist es soweit. Zum zweiten Mal entscheiden die B\u00fcrger in Tostedt \u00fcber ein Vorhaben, das im Samtgemeinderat Tostedt entschieden wurde. Es geht um den Neubau einer Kindertagesst\u00e4tte\/Kinderkrippe im historischen Ortskern von Tostedt.<\/p>\n<p>Sehr detaillierte und fundierte Argumente gegen diesen Neubau finden sich auf <a href=\"http:\/\/historisches-tostedt-erhalten.de\/?p=328\" target=\"_blank\"><strong>historisches-tostedt-erhalten.de<\/strong><\/a>.<\/p>\n<table border=\"0\" cellpadding=\"4\" cellspacing=\"0\" width=\"100%\">\n<tr>\n<td width=\"50%\">\n<p align=\"center\"><img loading=\"lazy\" border=\"0\" src=\"http:\/\/historisches-tostedt-erhalten.de\/wp-content\/uploads\/2013\/02\/krippen-212x300.jpg\" alt=\"Krippenpl\u00e4tze zu den Kindern: JA!\" title=\"Krippenpl\u00e4tze zu den Kindern: JA!\" width=\"212\" height=\"300\"><\/td>\n<td width=\"50%\">\n<p align=\"center\"><img loading=\"lazy\" border=\"0\" src=\"http:\/\/historisches-tostedt-erhalten.de\/wp-content\/uploads\/2013\/02\/historisch2-212x300.jpg\" alt=\"Historischen Ortskern Tostedt erhalten. JA!\" title=\"Historischen Ortskern Tostedt erhalten. JA!\" width=\"212\" height=\"300\"><\/td>\n<\/tr>\n<tr>\n<td width=\"100%\" colspan=\"2\">\n<p align=\"center\"><font face=\"Lucida Grande, Lucida Sans Unicode, Verdana, sans-serif\" size=\"2\">B\u00fcrgerentscheid am Sonntag, den 03.03.2013 &#8211; Stimmen Sie mit JA!<\/font><\/td>\n<\/tr>\n<\/table>\n<p>Die Frage beim B\u00fcrgerentscheid lautet:<\/p>\n<p><strong>Sind Sie daf\u00fcr, dass der Samtgemeinderatsbeschluss vom 11.09.2012 (Kindertagesst\u00e4tten\/Kinderkrippenbau am Standort Dieckhofstra\u00dfe) aufgehoben wird und damit verbunden keine Kindertagesst\u00e4tte\/Kinderkrippe am Standort Dieckhofstra\u00dfe erstellt wird?<\/strong><\/p>\n<p>Die <a href=\"http:\/\/www.gruene-tostedt.de\/?p=754\" target=\"_blank\">Gr\u00fcnen in Tostedt<\/a> bringen es auf den Punkt \u2013 hier kurz und zusammenfassend die Argumente <strong>f\u00fcr ein JA<\/strong> beim B\u00fcrgerentscheid:<\/p>\n<p><em>Wer mit <strong>Ja<\/strong> stimmt, entscheidet sich daf\u00fcr, dass an diesem Standort kein Kindergarten gebaut wird.<\/em><\/p>\n<p><em><strong>Ja bedeutet also<\/strong>,<\/em><\/p>\n<p><em>\t<\/p>\n<li>dass der historische Ortskern erhalten bleibt,<\/li>\n<li>die Grundschulkinder nicht einen Gro\u00dfteil ihres Schulhofes verlieren,<\/li>\n<li>das Jugendzentrum sein Au\u00dfengel\u00e4nde beh\u00e4lt,<\/li>\n<li>nicht wieder ein Kindergarten mit einer sehr kleinen Au\u00dfenfl\u00e4che wie an der Poststra\u00dfe entsteht.<\/li>\n<li>f\u00fcr die Krippenkinder an wohnortn\u00e4heren Standorten sinnvollere L\u00f6sungen umgesetzt werden.<\/li>\n<p><\/em><\/p>\n<p><em>Krippenpl\u00e4tze m\u00fcssen dort geschaffen werden, wo auch die Kinder sind!<\/em><\/p>\n<p><img src=\"https:\/\/www.willizblog.de\/images\/historisches_tostedt_erhalten.jpg\" alt=\"Quelle: historisches-tostedt-erhalten.de\" title=\"Quelle: historisches-tostedt-erhalten.de\" \/><br \/>\nQuelle: <a href=\"http:\/\/historisches-tostedt-erhalten.de\/\" target=\"_blank\">historisches-tostedt-erhalten.de<\/a><\/p>\n<p>weitere Informationen zum B\u00fcrgerentscheid auf <a href=\"http:\/\/www.tostedt.de\/portal\/meldungen\/buergerentscheid-am-03.-maerz-2013-ergebnisse-und-informationen-912001089-20240.html\" target=\"_blank\">tostedt.de<\/a><br \/>\n<a href=\"http:\/\/www.tostedt.de\/wahlen\/buergerentscheid_2013\/wahl.html\" target=\"_blank\"><strong>Ergebnis des B\u00fcrgerentscheids<\/strong><\/a> (ab 18 Uhr)<\/p>\n<p>weitere Infos siehe auch:<br \/>\n<a href=\"http:\/\/www.twitlonger.com\/show\/l65jkp\" target=\"_blank\">Kindergartenstreit: Anfeindungen und Spekulationen<\/a> &#8211; <a href=\"http:\/\/www.twitlonger.com\/show\/l65g9n\" target=\"_blank\">KiTa Dieckhofstra\u00dfe Tostedt &#8211; Jetzt streiten die Anw\u00e4lte<\/a><\/p>\n","protected":false},"excerpt":{"rendered":"<p>Morgen ist es soweit. Zum zweiten Mal entscheiden die B\u00fcrger in Tostedt \u00fcber ein Vorhaben, das im Samtgemeinderat Tostedt entschieden wurde. Es geht um den Neubau einer Kindertagesst\u00e4tte\/Kinderkrippe im historischen Ortskern von Tostedt. Sehr detaillierte und fundierte Argumente gegen diesen Neubau finden sich auf historisches-tostedt-erhalten.de. B\u00fcrgerentscheid am Sonntag, den 03.03.2013 &#8211; Stimmen Sie mit JA! &hellip; <a href=\"https:\/\/willizblog.de\/?p=6996\" class=\"more-link\"><span class=\"screen-reader-text\">JA beim B\u00fcrgerentscheid am 03.03.2013<\/span> weiterlesen <span class=\"meta-nav\">&rarr;<\/span><\/a><\/p>\n","protected":false},"author":1,"featured_media":0,"comment_status":"open","ping_status":"open","sticky":false,"template":"","format":"standard","meta":[],"categories":[12,11],"tags":[],"_links":{"self":[{"href":"https:\/\/willizblog.de\/index.php?rest_route=\/wp\/v2\/posts\/6996"}],"collection":[{"href":"https:\/\/willizblog.de\/index.php?rest_route=\/wp\/v2\/posts"}],"about":[{"href":"https:\/\/willizblog.de\/index.php?rest_route=\/wp\/v2\/types\/post"}],"author":[{"embeddable":true,"href":"https:\/\/willizblog.de\/index.php?rest_route=\/wp\/v2\/users\/1"}],"replies":[{"embeddable":true,"href":"https:\/\/willizblog.de\/index.php?rest_route=%2Fwp%2Fv2%2Fcomments&post=6996"}],"version-history":[{"count":0,"href":"https:\/\/willizblog.de\/index.php?rest_route=\/wp\/v2\/posts\/6996\/revisions"}],"wp:attachment":[{"href":"https:\/\/willizblog.de\/index.php?rest_route=%2Fwp%2Fv2%2Fmedia&parent=6996"}],"wp:term":[{"taxonomy":"category","embeddable":true,"href":"https:\/\/willizblog.de\/index.php?rest_route=%2Fwp%2Fv2%2Fcategories&post=6996"},{"taxonomy":"post_tag","embeddable":true,"href":"https:\/\/willizblog.de\/index.php?rest_route=%2Fwp%2Fv2%2Ftags&post=6996"}],"curies":[{"name":"wp","href":"https:\/\/api.w.org\/{rel}","templated":true}]}}