{"id":700,"date":"2006-12-21T00:28:03","date_gmt":"2006-12-20T22:28:03","guid":{"rendered":"http:\/\/www.albinz.de\/blog\/?p=700"},"modified":"2007-08-20T08:29:55","modified_gmt":"2007-08-20T06:29:55","slug":"endlich-winterpause-17-spieltag-bl-20062007","status":"publish","type":"post","link":"https:\/\/willizblog.de\/?p=700","title":{"rendered":"Endlich Winterpause! (17. Spieltag BL 2006\/2007)"},"content":{"rendered":"<p>Wohl mit aus den M\u00fcndern h\u00e4ngenden Zungen hat der SV Werder Bremen die erste Halbserie der laufenden Saison beendet &#8211; und ist aufgrund der besseren Tordifferenz &#8218;Herbstmeister&#8216; vor Schalke 04 geworden. Das junge Team hat sich noch einmal zusammenraufen und dank eines herrlichen Freisto\u00dftores von Naldo den VfL Wolfsburg doch mit 2:1 besiegen k\u00f6nnen.<\/p>\n<p>Diese erste Halbsaison war von H\u00f6hen und Tiefen durchzogen. Ein erstes Tief sicherlich das fr\u00fche Ausscheiden im DFB-Pokal, ein weiteres und schmerzlicheres die Niederlage beim FC Barcelona. Wie so oft war man so dicht daran, einem Gro\u00dfen Kontra zu bieten. Aber wieder klappte es nicht &#8211; und die Mannschaft lie\u00df sich f\u00f6rmlich \u00fcberrennen. Vers\u00f6hnlich jetzt der inoffizielle Herbsttitel. Und endlich die verdiente Ruhepause.<\/p>\n<p><img src=\"https:\/\/www.albinz.net\/models\/werder0607_st17.jpg\" alt=\"Werder-Weihnachtsm\u00e4nner\" \/><\/p>\n<p>Vers\u00f6hnlich auch die Einwechselung von Patrick Owomoyela, der in diesem Jahr nach dem kometenhaften Aufstieg einen Absturz erleben musste, den man nicht einmal seinem schlimmsten Feind w\u00fcnscht. Kurz vor der WM im eigenen Land der Rauswurf aus dem Nationalteam und dann lediglich der Platz auf der Reservebank beim Verein.<\/p>\n<p>Welche Ziele peilt Werder nun an? Nat\u00fcrlich die Meisterschaft und m\u00f6glichst den Gewinn des UEFA-Pokals. Vom Potential der Mannschaft her ist das machbar. Aber daf\u00fcr muss jeder einzelne Spieler m\u00f6glichst in jedem Spiel seine volle Kraft abrufen. Warten wir es ab!<\/p>\n","protected":false},"excerpt":{"rendered":"<p>Wohl mit aus den M\u00fcndern h\u00e4ngenden Zungen hat der SV Werder Bremen die erste Halbserie der laufenden Saison beendet &#8211; und ist aufgrund der besseren Tordifferenz &#8218;Herbstmeister&#8216; vor Schalke 04 geworden. Das junge Team hat sich noch einmal zusammenraufen und dank eines herrlichen Freisto\u00dftores von Naldo den VfL Wolfsburg doch mit 2:1 besiegen k\u00f6nnen. Diese &hellip; <a href=\"https:\/\/willizblog.de\/?p=700\" class=\"more-link\"><span class=\"screen-reader-text\">Endlich Winterpause! (17. Spieltag BL 2006\/2007)<\/span> weiterlesen <span class=\"meta-nav\">&rarr;<\/span><\/a><\/p>\n","protected":false},"author":1,"featured_media":0,"comment_status":"closed","ping_status":"closed","sticky":false,"template":"","format":"standard","meta":[],"categories":[27],"tags":[],"_links":{"self":[{"href":"https:\/\/willizblog.de\/index.php?rest_route=\/wp\/v2\/posts\/700"}],"collection":[{"href":"https:\/\/willizblog.de\/index.php?rest_route=\/wp\/v2\/posts"}],"about":[{"href":"https:\/\/willizblog.de\/index.php?rest_route=\/wp\/v2\/types\/post"}],"author":[{"embeddable":true,"href":"https:\/\/willizblog.de\/index.php?rest_route=\/wp\/v2\/users\/1"}],"replies":[{"embeddable":true,"href":"https:\/\/willizblog.de\/index.php?rest_route=%2Fwp%2Fv2%2Fcomments&post=700"}],"version-history":[{"count":0,"href":"https:\/\/willizblog.de\/index.php?rest_route=\/wp\/v2\/posts\/700\/revisions"}],"wp:attachment":[{"href":"https:\/\/willizblog.de\/index.php?rest_route=%2Fwp%2Fv2%2Fmedia&parent=700"}],"wp:term":[{"taxonomy":"category","embeddable":true,"href":"https:\/\/willizblog.de\/index.php?rest_route=%2Fwp%2Fv2%2Fcategories&post=700"},{"taxonomy":"post_tag","embeddable":true,"href":"https:\/\/willizblog.de\/index.php?rest_route=%2Fwp%2Fv2%2Ftags&post=700"}],"curies":[{"name":"wp","href":"https:\/\/api.w.org\/{rel}","templated":true}]}}