{"id":7013,"date":"2013-03-04T08:05:28","date_gmt":"2013-03-04T07:05:28","guid":{"rendered":"http:\/\/www.willizblog.de\/?p=7013"},"modified":"2013-03-04T11:33:03","modified_gmt":"2013-03-04T10:33:03","slug":"der-sieg-der-gleichgultigkeit","status":"publish","type":"post","link":"https:\/\/willizblog.de\/?p=7013","title":{"rendered":"Der Sieg der Gleichg\u00fcltigkeit"},"content":{"rendered":"<p>Im November letzten Jahres hatte ich <a href=\"https:\/\/twitter.com\/willizblog\" target=\"_blank\">mich \u00fcber Twitter<\/a> mit <a href=\"https:\/\/twitter.com\/dunehopper\" target=\"_blank\">Dunehopper<\/a>, dem <a href=\"http:\/\/politik.gerret.de\/index.html\" target=\"_blank\">2. Vorsitzender der Heidepiraten aus Tostedt<\/a> zum Thema \u201eMehr Demokratie\u201c kurz ausgetauscht. Seine Meinung: \u201eDer Plan ist, das mehr Demokratie und mehr B\u00fcrgerbeteiligung zu mehr Interesse an Politik f\u00fchrt.\u201c, \u201eKitastreit zeigt, das \u201aMehr Demokratie\u2019 Thema ist.\u201c Und \u201eThemen waren Jugendarbeit, B\u00fcrgerbeteiligung, mehr Demokratie. Die werden alle piratisiert :-)\u201c<\/p>\n<p>Meine Ansichten damals wie heute: \u201e&#8217;Mehr Demokratie&#8216; ist so ein alter Schlagwort\u201c und \u201e&#8217;Mehr Demokratie&#8216;, weil die Politik versagt &#8211; auf Dauer wird das leider f\u00fcr viele B\u00fcrger erm\u00fcdend, f\u00fcrchte ich\u201c.<\/p>\n<p>Gestern nun war der B\u00fcrgerentscheid in Sachen Neubau der Kindertagesst\u00e4tte\/Kinderhort Dieckhofstra\u00dfe in der Samtgemeinde Tostedt. Von <a href=\"http:\/\/www.tostedt.de\/wahlen\/buergerentscheid_2013\/wahl.html\" target=\"_blank\">20.961 Stimmberechtigten<\/a> gaben gerade einmal 25,5 % ihre Stimme ab. Ein niederschmetterndes Ergebnis. Immerhin stimmten 3.350 (62,9 %) mit \u201aja\u2019 und damit gegen den Neubau in der Dieckhofstra\u00dfe, 1977 (27,1 %) stimmten mit \u201anein\u2019, also daf\u00fcr. Die erforderliche Mindestzahl von 5205 Ja-Stimmen wurde also deutlich nicht erreicht.<\/p>\n<p>Gegner wie Bef\u00fcrworter der Dieckhofstra\u00dfen-L\u00f6sung werden nun das Ergebnis werten m\u00fcssen. Jeder wird das ihm Angenehme hervorheben. Ohne Zweifel haben die Gegner eine klare Mehrheit erzielt. Die Gegenkampagne der Parteien, die den Ratsbeschluss zum Bau einer Kindertagesst\u00e4tte am Standort Dieckhofstra\u00dfe durchgesetzt haben, hat nur wenig gefruchtet. Erschreckend f\u00fcr mich ist aber die Interesselosigkeit fast drei Viertel der B\u00fcrger. Drei von vier stimmberechtigter B\u00fcrger haben es f\u00fcr nicht notwendig erachtet, ihr Recht auf direkte B\u00fcrgerbeteiligung wahrzunehmen. Vielleicht lag es am Thema: \u201alediglich\u2019 ein Kindergarten! Vielleicht habe ich auch etwas Recht mit der Annahme, \u201emehr Demokratie\u201c erm\u00fcde auf Dauer viele B\u00fcrger. So oder so ist es ein Sieg der Gleichg\u00fcltigkeit, der Ignoranz. Das ist ein Armutszeugnis und ein Freibrief f\u00fcr die Politik, weiterhin auch Entscheidungen zu treffen, die am B\u00fcrger vorbeizielen. Und es ist eine Ohrfeige f\u00fcr die B\u00fcrger, die sich f\u00fcr mehr B\u00fcrgerbeteiligung einsetzen.<\/p>\n<p><em><strong>Schade, Tostedt: Setzen, sechs!<\/strong><\/em><\/p>\n<p><strong>zuletzt:<\/strong> Dank <a href=\"https:\/\/twitter.com\/Dunehopper\" target=\"_blank\">twitter\/dunehopper<\/a> hier <a href=\"https:\/\/twitter.com\/Dunehopper\/status\/308518570986467328\" target=\"_blank\"><strong>eine aufschlussreiche Tabelle<\/strong><\/a> zum B\u00fcrgerentscheid &#8211; sortiert nach Beteiligung<\/p>\n","protected":false},"excerpt":{"rendered":"<p>Im November letzten Jahres hatte ich mich \u00fcber Twitter mit Dunehopper, dem 2. Vorsitzender der Heidepiraten aus Tostedt zum Thema \u201eMehr Demokratie\u201c kurz ausgetauscht. Seine Meinung: \u201eDer Plan ist, das mehr Demokratie und mehr B\u00fcrgerbeteiligung zu mehr Interesse an Politik f\u00fchrt.\u201c, \u201eKitastreit zeigt, das \u201aMehr Demokratie\u2019 Thema ist.\u201c Und \u201eThemen waren Jugendarbeit, B\u00fcrgerbeteiligung, mehr Demokratie. &hellip; <a href=\"https:\/\/willizblog.de\/?p=7013\" class=\"more-link\"><span class=\"screen-reader-text\">Der Sieg der Gleichg\u00fcltigkeit<\/span> weiterlesen <span class=\"meta-nav\">&rarr;<\/span><\/a><\/p>\n","protected":false},"author":1,"featured_media":0,"comment_status":"open","ping_status":"open","sticky":false,"template":"","format":"standard","meta":[],"categories":[9,3,12,11],"tags":[],"_links":{"self":[{"href":"https:\/\/willizblog.de\/index.php?rest_route=\/wp\/v2\/posts\/7013"}],"collection":[{"href":"https:\/\/willizblog.de\/index.php?rest_route=\/wp\/v2\/posts"}],"about":[{"href":"https:\/\/willizblog.de\/index.php?rest_route=\/wp\/v2\/types\/post"}],"author":[{"embeddable":true,"href":"https:\/\/willizblog.de\/index.php?rest_route=\/wp\/v2\/users\/1"}],"replies":[{"embeddable":true,"href":"https:\/\/willizblog.de\/index.php?rest_route=%2Fwp%2Fv2%2Fcomments&post=7013"}],"version-history":[{"count":0,"href":"https:\/\/willizblog.de\/index.php?rest_route=\/wp\/v2\/posts\/7013\/revisions"}],"wp:attachment":[{"href":"https:\/\/willizblog.de\/index.php?rest_route=%2Fwp%2Fv2%2Fmedia&parent=7013"}],"wp:term":[{"taxonomy":"category","embeddable":true,"href":"https:\/\/willizblog.de\/index.php?rest_route=%2Fwp%2Fv2%2Fcategories&post=7013"},{"taxonomy":"post_tag","embeddable":true,"href":"https:\/\/willizblog.de\/index.php?rest_route=%2Fwp%2Fv2%2Ftags&post=7013"}],"curies":[{"name":"wp","href":"https:\/\/api.w.org\/{rel}","templated":true}]}}