{"id":7044,"date":"2013-03-11T07:59:01","date_gmt":"2013-03-11T06:59:01","guid":{"rendered":"http:\/\/www.willizblog.de\/?p=7044"},"modified":"2013-03-11T08:02:06","modified_gmt":"2013-03-11T07:02:06","slug":"wieder-winter","status":"publish","type":"post","link":"https:\/\/willizblog.de\/?p=7044","title":{"rendered":"Wieder Winter!"},"content":{"rendered":"<p>Man k\u00f6nnte den Eindruck haben, dass jetzt mehr Schnee vom Himmel f\u00e4llt als den ganzen bisherigen Winter. Nach einigen lauen Fr\u00fchlingstagen ist der Winter wieder in Norddeutschland eingekehrt. Inzwischen sind auch die Temperaturen winterlich unter null Grad. Aber so richtig Spa\u00df macht das Ganze nicht mehr. Zu dunkel war der bisherige Winter. Zu gro\u00df ist die Sehnsucht nach Sonne und W\u00e4rme &#8230;<\/p>\n<table border=\"0\" cellpadding=\"4\" cellspacing=\"0\" width=\"100%\">\n<tr>\n<td width=\"50%\">\n<p align=\"center\"><img loading=\"lazy\" border=\"0\" src=\"https:\/\/www.willizblog.de\/images\/2013_03_10_schnee_im_garten01.jpg\" alt=\"Vogelfutterhaus im Schnee\" title=\"Vogelfutterhaus im Schnee\" width=\"270\" height=\"180\"><\/td>\n<td width=\"50%\">\n<p align=\"center\"><img loading=\"lazy\" border=\"0\" src=\"https:\/\/www.willizblog.de\/images\/2013_03_10_schnee_im_garten02.jpg\" alt=\"Pflanzschale im Schnee\" title=\"Pflanzschale im Schnee\" width=\"270\" height=\"180\"><\/td>\n<\/tr>\n<tr>\n<td width=\"100%\" colspan=\"2\">\n<p align=\"center\"><font face=\"Lucida Grande, Lucida Sans Unicode, Verdana, sans-serif\" size=\"2\">Wieder Winter in Tostedt (10.03.2013)<\/font><\/td>\n<\/tr>\n<tr>\n<td width=\"50%\">\n<p align=\"center\"><img loading=\"lazy\" border=\"0\" src=\"https:\/\/www.willizblog.de\/images\/2013_03_10_schnee_im_garten03.jpg\" alt=\"Gartenstuhl im Schnee\" title=\"Gartenstuhl im Schnee\" width=\"270\" height=\"180\"><\/td>\n<td width=\"50%\">\n<p align=\"center\"><img loading=\"lazy\" border=\"0\" src=\"https:\/\/www.willizblog.de\/images\/2013_03_10_schnee_im_garten04.jpg\" alt=\"Busch im Schnee\" title=\"Busch im Schnee\" width=\"270\" height=\"180\"><\/td>\n<\/tr>\n<\/table>\n","protected":false},"excerpt":{"rendered":"<p>Man k\u00f6nnte den Eindruck haben, dass jetzt mehr Schnee vom Himmel f\u00e4llt als den ganzen bisherigen Winter. Nach einigen lauen Fr\u00fchlingstagen ist der Winter wieder in Norddeutschland eingekehrt. Inzwischen sind auch die Temperaturen winterlich unter null Grad. Aber so richtig Spa\u00df macht das Ganze nicht mehr. Zu dunkel war der bisherige Winter. Zu gro\u00df ist &hellip; <a href=\"https:\/\/willizblog.de\/?p=7044\" class=\"more-link\"><span class=\"screen-reader-text\">Wieder Winter!<\/span> weiterlesen <span class=\"meta-nav\">&rarr;<\/span><\/a><\/p>\n","protected":false},"author":1,"featured_media":0,"comment_status":"open","ping_status":"open","sticky":false,"template":"","format":"standard","meta":[],"categories":[16],"tags":[],"_links":{"self":[{"href":"https:\/\/willizblog.de\/index.php?rest_route=\/wp\/v2\/posts\/7044"}],"collection":[{"href":"https:\/\/willizblog.de\/index.php?rest_route=\/wp\/v2\/posts"}],"about":[{"href":"https:\/\/willizblog.de\/index.php?rest_route=\/wp\/v2\/types\/post"}],"author":[{"embeddable":true,"href":"https:\/\/willizblog.de\/index.php?rest_route=\/wp\/v2\/users\/1"}],"replies":[{"embeddable":true,"href":"https:\/\/willizblog.de\/index.php?rest_route=%2Fwp%2Fv2%2Fcomments&post=7044"}],"version-history":[{"count":0,"href":"https:\/\/willizblog.de\/index.php?rest_route=\/wp\/v2\/posts\/7044\/revisions"}],"wp:attachment":[{"href":"https:\/\/willizblog.de\/index.php?rest_route=%2Fwp%2Fv2%2Fmedia&parent=7044"}],"wp:term":[{"taxonomy":"category","embeddable":true,"href":"https:\/\/willizblog.de\/index.php?rest_route=%2Fwp%2Fv2%2Fcategories&post=7044"},{"taxonomy":"post_tag","embeddable":true,"href":"https:\/\/willizblog.de\/index.php?rest_route=%2Fwp%2Fv2%2Ftags&post=7044"}],"curies":[{"name":"wp","href":"https:\/\/api.w.org\/{rel}","templated":true}]}}