{"id":7062,"date":"2013-03-14T07:33:47","date_gmt":"2013-03-14T06:33:47","guid":{"rendered":"http:\/\/www.willizblog.de\/?p=7062"},"modified":"2013-03-14T07:33:47","modified_gmt":"2013-03-14T06:33:47","slug":"habemus-papam-franziskus","status":"publish","type":"post","link":"https:\/\/willizblog.de\/?p=7062","title":{"rendered":"Habemus papam: Franziskus"},"content":{"rendered":"<p>Die katholische Kirche hat einen neuen Papst: Der 76 Jahre alte Erzbischof von Buenos Aires, <a href=\"https:\/\/de.wikipedia.org\/wiki\/Jorge_Mario_Bergoglio\" target=\"_blank\">Jorge Mario Bergoglio<\/a>, wird als Franziskus Oberhaupt von 1,2 Milliarden Gl\u00e4ubigen. Die Wahl Bergoglios ist eine faustdicke \u00dcberraschung. Er hatte wegen seines Alters und seiner seit 2010 angeschlagenen Gesundheit eher als Au\u00dfenseiter bei der Papstwahl gegolten. 2005 bei der Wahl Joseph Ratzingers (<a href=\"https:\/\/www.willizblog.de\/?p=116\" target=\"_blank\">Habemus papam: Benedikt XVI<\/a>), der zum 28. Februar aus gesundheitlichen Gr\u00fcnden <a href=\"https:\/\/www.willizblog.de\/?p=6932\" target=\"_blank\">zur\u00fccktrat<\/a>, war er noch dessen Gegenkandidat. <\/p>\n<p>Der neue Papst gilt als <em>\u201esozial engagiert, theologisch aber konservativ. Er liebt nicht die gro\u00dfen Auftritte, gilt als wortkarg und medienscheu. Zur Tagespolitik h\u00e4lt er m\u00f6glichst Distanz. Trotzdem gei\u00dfelt er mit klaren Worten soziale Ungerechtigkeit und Korruption. Man nennt ihn auch den \u201aKardinal der Armen\u2019; er besucht Gef\u00e4ngnisse und Armenviertel. Sein pers\u00f6nlicher Lebensstil gilt als prophetisch: bescheiden, volksnah, \u00f6kologisch.\u201c<\/em><br \/>\n(Quelle: <a href=\"http:\/\/blog.zdf.de\/papstgefluester\/2013\/03\/14\/habemus-papam-papst-franziskus\/\" target=\"_blank\">blog.zdf.de<\/a>)<\/p>\n<p>Bergoglio hat die bisherige kirchliche Lehre in der <a href=\"https:\/\/de.wikipedia.org\/wiki\/Jorge_Mario_Bergoglio#Positionen\" target=\"_blank\">Frage der Homosexualit\u00e4t<\/a> bekr\u00e4ftigt. Er kritisierte im Jahr 2010 in einem Brief an die argentinische Regierung mit deutlichen Worten die Legalisierung der gleichgeschlechtlichen Ehe. Auch sein <a href=\"https:\/\/de.wikipedia.org\/wiki\/Jorge_Mario_Bergoglio#Verh.C3.A4ltnis_zur_argentinischen_Milit.C3.A4rdiktatur\" target=\"_blank\">Handeln w\u00e4hrend der argentinischen Milit\u00e4rdiktatur<\/a> werfe Fragen auf.<\/p>\n<p>Der Mainzer Kardinal Karl Lehmann ist &#8222;sehr zufrieden und sehr gl\u00fccklich&#8220; \u00fcber den neuen Papst. Kardinal Jorge Mario Bergoglio habe sich als Seelsorger und durch sein enges Verh\u00e4ltnis zu den Armen ausgezeichnet, sagte Lehmann in den ARD-Tagesthemen. Der Kirche tue es gut, dass jetzt ein Nichteurop\u00e4er Papst sei. Der neue Papst habe nach seiner Wahl beim Essen mit den Kardin\u00e4len einen sehr unbefangenen und gelassenen Eindruck gemacht. Er verf\u00fcge \u00fcber viel Humor. Nach Darstellung Kardinal Lehmanns spricht Bergoglio sehr gut Deutsch. Er studierte in Deutschland und ging in den 80er Jahren f\u00fcr einen Forschungsaufenthalt nach Frankfurt am Main.<\/p>\n<p>Der neue Papst gilt als dialogbereit und trotz des Alters als aufgeschlossen auch gegen\u00fcber den neuen Medien. Zu \u00c4nderungen und Erneuerungen innerhalb der katholischen Kirche wird es aber nach meiner Meinung auch unter Franziskus nur in kleinen Schritten kommen.<\/p>\n","protected":false},"excerpt":{"rendered":"<p>Die katholische Kirche hat einen neuen Papst: Der 76 Jahre alte Erzbischof von Buenos Aires, Jorge Mario Bergoglio, wird als Franziskus Oberhaupt von 1,2 Milliarden Gl\u00e4ubigen. Die Wahl Bergoglios ist eine faustdicke \u00dcberraschung. Er hatte wegen seines Alters und seiner seit 2010 angeschlagenen Gesundheit eher als Au\u00dfenseiter bei der Papstwahl gegolten. 2005 bei der Wahl &hellip; <a href=\"https:\/\/willizblog.de\/?p=7062\" class=\"more-link\"><span class=\"screen-reader-text\">Habemus papam: Franziskus<\/span> weiterlesen <span class=\"meta-nav\">&rarr;<\/span><\/a><\/p>\n","protected":false},"author":1,"featured_media":0,"comment_status":"open","ping_status":"open","sticky":false,"template":"","format":"standard","meta":[],"categories":[15],"tags":[],"_links":{"self":[{"href":"https:\/\/willizblog.de\/index.php?rest_route=\/wp\/v2\/posts\/7062"}],"collection":[{"href":"https:\/\/willizblog.de\/index.php?rest_route=\/wp\/v2\/posts"}],"about":[{"href":"https:\/\/willizblog.de\/index.php?rest_route=\/wp\/v2\/types\/post"}],"author":[{"embeddable":true,"href":"https:\/\/willizblog.de\/index.php?rest_route=\/wp\/v2\/users\/1"}],"replies":[{"embeddable":true,"href":"https:\/\/willizblog.de\/index.php?rest_route=%2Fwp%2Fv2%2Fcomments&post=7062"}],"version-history":[{"count":0,"href":"https:\/\/willizblog.de\/index.php?rest_route=\/wp\/v2\/posts\/7062\/revisions"}],"wp:attachment":[{"href":"https:\/\/willizblog.de\/index.php?rest_route=%2Fwp%2Fv2%2Fmedia&parent=7062"}],"wp:term":[{"taxonomy":"category","embeddable":true,"href":"https:\/\/willizblog.de\/index.php?rest_route=%2Fwp%2Fv2%2Fcategories&post=7062"},{"taxonomy":"post_tag","embeddable":true,"href":"https:\/\/willizblog.de\/index.php?rest_route=%2Fwp%2Fv2%2Ftags&post=7062"}],"curies":[{"name":"wp","href":"https:\/\/api.w.org\/{rel}","templated":true}]}}