{"id":7072,"date":"2013-03-18T09:53:12","date_gmt":"2013-03-18T08:53:12","guid":{"rendered":"http:\/\/www.willizblog.de\/?p=7072"},"modified":"2013-03-18T09:53:12","modified_gmt":"2013-03-18T08:53:12","slug":"alles-auf-null","status":"publish","type":"post","link":"https:\/\/willizblog.de\/?p=7072","title":{"rendered":"Alles auf Null?"},"content":{"rendered":"<p>Eigentlich f\u00e4llt mir nichts mehr ein \u2013 zum Fu\u00dfball-Bundesligisten Werder Bremen. \u201eStatt eine Aufholjagd auf die vorderen Pl\u00e4tze in der Bundesliga zu starten, sackt die Mannschaft immer tiefer in der Tabelle. Statt in der n\u00e4chsten Jahr im internationalen Gesch\u00e4ft zu sein, winkt die 2. Liga.\u201c (<a href=\"http:\/\/www.ndr.de\/sport\/fussball\/bundesliga\/schaaf213.html\" target=\"_blank\">Thomas Schaaf: Wieder da, wo alles begann<\/a>)<\/p>\n<p>Hinzu kommt, dass der SV Werder in den letzten zwei Gesch\u00e4ftsjahren \u201afette\u2019 rote Zahlen geschrieben hat. Dramatisch mag das noch nicht sein, aber bei leeren Kassen ist nun einmal kein Geld da, um die Mannschaft f\u00fcr die n\u00e4chste Saison zu verst\u00e4rken. Kevin de Bruyne, den Werder f\u00fcr diese Saison vom FC Chelsea ausgeliehen hat, d\u00fcrfte kaum l\u00e4nger in Bremen verweilen wollen. Er ist zz. Werders bester Spieler. Und Nils Petersen, von den Bayern ausgeliehen, h\u00e4lt nur halb, was er zuvor versprochen hat. Ich muss da immer an Markus Rosenberg denken, der es in der Saison 2011\/2012 immerhin auf 10 Tore (und 4 Vorlagen) brachte, und trotzdem den Verein verlassen musste. Petersen kommt nach 26 Spieltagen auf 11 Tore (und ebenfalls 4 Vorlagen); so richtig \u201afett\u2019 ist das auch nicht. Wenn er bleibt, dann darf er nicht viel kosten.<\/p>\n<p>Ansonsten kann und muss Werder Bremen auf den Nachwuchs (z.B. Cimo R\u00f6cker und Levent Aycicek) setzen. Weitere Eink\u00e4ufe wie die von Elia, Gebre Selassie und Sokratis sind einfach nicht mehr drin. Dabei zeigt nur Sokratis auch zuletzt eine halbwegs akzeptable Leistung.<\/p>\n<p><img src=\"https:\/\/www.willizblog.de\/blogpicts\/werder_sinking_ship.jpg\" alt=\"Werder Bremen: ein sinkendes Schiff?\" title=\"Werder Bremen: ein sinkendes Schiff?\" \/><\/p>\n<p><a href=\"https:\/\/www.willizblog.de\/?p=3568\" target=\"_blank\">Vor gut zwei Jahren (im November 2010)<\/a> ging ich bereits davon aus, dass die fetten Jahre in Bremen vorbei sind. Nach sieben fetten Jahren folgen <a href=\"http:\/\/bibel-online.net\/buch\/luther_1912\/1_mose\/41\/\" target=\"_blank\">bekanntlich<\/a> sieben magere Jahre. Werder ist also mittendrin in der Magerkost. Und sp\u00e4testens, wenn zum Saisonende Kevin de Bruyne geht, wird die Suppe noch magerer. Dann geht\u2019s \u00e4hnlich wie jetzt eher nur gegen den Abstieg. Von den Pl\u00e4tzen an der Sonne werden dann die Verantwortlichen, die Spieler und die Fans nur tr\u00e4umen k\u00f6nnen.<\/p>\n<p>Ich will den Teufel nicht an die Wand malen, aber Thomas Schaaf ist wirklich wieder da, wo er vor fast 14 Jahren begann, als er die Verantwortung des Cheftrainers beim SV Werder \u00fcbernahm. Dem Verein muss schon einiges einfallen, um aus dieser Talsohle herauszukommen. Mir selbst f\u00e4llt dazu zz. wenig ein, wie das gehen k\u00f6nnte &#8230;.<\/p>\n<p>Und: Was echte Werder-Fans wohl am meisten fuchsen wird, ist die Tatsache, dass der HSV vielleicht schon bald in der <a href=\"http:\/\/www.fussballdaten.de\/bundesliga\/ewigetabelle\/\" target=\"_blank\">ewigen Bundesliga-Tabelle<\/a> an Werder vorbeiziehen k\u00f6nnte. Der Fu\u00dfball-Gott bewahre uns und Werder davor &#8230;<\/p>\n","protected":false},"excerpt":{"rendered":"<p>Eigentlich f\u00e4llt mir nichts mehr ein \u2013 zum Fu\u00dfball-Bundesligisten Werder Bremen. \u201eStatt eine Aufholjagd auf die vorderen Pl\u00e4tze in der Bundesliga zu starten, sackt die Mannschaft immer tiefer in der Tabelle. Statt in der n\u00e4chsten Jahr im internationalen Gesch\u00e4ft zu sein, winkt die 2. Liga.\u201c (Thomas Schaaf: Wieder da, wo alles begann) Hinzu kommt, dass &hellip; <a href=\"https:\/\/willizblog.de\/?p=7072\" class=\"more-link\"><span class=\"screen-reader-text\">Alles auf Null?<\/span> weiterlesen <span class=\"meta-nav\">&rarr;<\/span><\/a><\/p>\n","protected":false},"author":1,"featured_media":0,"comment_status":"open","ping_status":"open","sticky":false,"template":"","format":"standard","meta":[],"categories":[27],"tags":[],"_links":{"self":[{"href":"https:\/\/willizblog.de\/index.php?rest_route=\/wp\/v2\/posts\/7072"}],"collection":[{"href":"https:\/\/willizblog.de\/index.php?rest_route=\/wp\/v2\/posts"}],"about":[{"href":"https:\/\/willizblog.de\/index.php?rest_route=\/wp\/v2\/types\/post"}],"author":[{"embeddable":true,"href":"https:\/\/willizblog.de\/index.php?rest_route=\/wp\/v2\/users\/1"}],"replies":[{"embeddable":true,"href":"https:\/\/willizblog.de\/index.php?rest_route=%2Fwp%2Fv2%2Fcomments&post=7072"}],"version-history":[{"count":0,"href":"https:\/\/willizblog.de\/index.php?rest_route=\/wp\/v2\/posts\/7072\/revisions"}],"wp:attachment":[{"href":"https:\/\/willizblog.de\/index.php?rest_route=%2Fwp%2Fv2%2Fmedia&parent=7072"}],"wp:term":[{"taxonomy":"category","embeddable":true,"href":"https:\/\/willizblog.de\/index.php?rest_route=%2Fwp%2Fv2%2Fcategories&post=7072"},{"taxonomy":"post_tag","embeddable":true,"href":"https:\/\/willizblog.de\/index.php?rest_route=%2Fwp%2Fv2%2Ftags&post=7072"}],"curies":[{"name":"wp","href":"https:\/\/api.w.org\/{rel}","templated":true}]}}