{"id":709,"date":"2007-01-01T00:06:41","date_gmt":"2006-12-31T22:06:41","guid":{"rendered":"http:\/\/www.albinz.de\/blog\/?p=709"},"modified":"2007-01-03T20:09:52","modified_gmt":"2007-01-03T18:09:52","slug":"gute-vorsatze-furs-neue-jahr","status":"publish","type":"post","link":"https:\/\/willizblog.de\/?p=709","title":{"rendered":"Gute Vors\u00e4tze f\u00fcrs neue Jahr"},"content":{"rendered":"<p>Ein neues Jahr beginnt bei vielen mit guten Vors\u00e4tzen: endlich den Winterspeck loswerden, endlich etwas mehr f\u00fcr die Gesundheit tun. Ich habe mir diese an den Beginn eines neuen Jahres gebundenen Wunschphantasien l\u00e4ngst abgew\u00f6hnt. Vors\u00e4tze sind bekanntlich dazu da, sie schnell wieder zu vergessen. Ich schrieb bereits <a href=\"https:\/\/www.willizblog.de\/?p=320\" target=\"_blank\">einmal<\/a> dar\u00fcber. Wer einen guten Vorsatz realisieren will, muss sich diesen Vorsatz jeden Tag aufs Neue vor Augen f\u00fchren (nicht nur am 1. Januar). Und so m\u00fche ich mich jeden Tag aufs Neue, Geduld zu haben, Gelassenheit zu wahren und mit Ruhe die Aufgaben des Tages anzugehen. Aber das ist schon eine \u00dcberlebensstrategie und hat mit Vors\u00e4tzen wenig gemein.<\/p>\n","protected":false},"excerpt":{"rendered":"<p>Ein neues Jahr beginnt bei vielen mit guten Vors\u00e4tzen: endlich den Winterspeck loswerden, endlich etwas mehr f\u00fcr die Gesundheit tun. Ich habe mir diese an den Beginn eines neuen Jahres gebundenen Wunschphantasien l\u00e4ngst abgew\u00f6hnt. Vors\u00e4tze sind bekanntlich dazu da, sie schnell wieder zu vergessen. Ich schrieb bereits einmal dar\u00fcber. Wer einen guten Vorsatz realisieren will, &hellip; <a href=\"https:\/\/willizblog.de\/?p=709\" class=\"more-link\"><span class=\"screen-reader-text\">Gute Vors\u00e4tze f\u00fcrs neue Jahr<\/span> weiterlesen <span class=\"meta-nav\">&rarr;<\/span><\/a><\/p>\n","protected":false},"author":1,"featured_media":0,"comment_status":"closed","ping_status":"closed","sticky":false,"template":"","format":"standard","meta":[],"categories":[32],"tags":[],"_links":{"self":[{"href":"https:\/\/willizblog.de\/index.php?rest_route=\/wp\/v2\/posts\/709"}],"collection":[{"href":"https:\/\/willizblog.de\/index.php?rest_route=\/wp\/v2\/posts"}],"about":[{"href":"https:\/\/willizblog.de\/index.php?rest_route=\/wp\/v2\/types\/post"}],"author":[{"embeddable":true,"href":"https:\/\/willizblog.de\/index.php?rest_route=\/wp\/v2\/users\/1"}],"replies":[{"embeddable":true,"href":"https:\/\/willizblog.de\/index.php?rest_route=%2Fwp%2Fv2%2Fcomments&post=709"}],"version-history":[{"count":0,"href":"https:\/\/willizblog.de\/index.php?rest_route=\/wp\/v2\/posts\/709\/revisions"}],"wp:attachment":[{"href":"https:\/\/willizblog.de\/index.php?rest_route=%2Fwp%2Fv2%2Fmedia&parent=709"}],"wp:term":[{"taxonomy":"category","embeddable":true,"href":"https:\/\/willizblog.de\/index.php?rest_route=%2Fwp%2Fv2%2Fcategories&post=709"},{"taxonomy":"post_tag","embeddable":true,"href":"https:\/\/willizblog.de\/index.php?rest_route=%2Fwp%2Fv2%2Ftags&post=709"}],"curies":[{"name":"wp","href":"https:\/\/api.w.org\/{rel}","templated":true}]}}