{"id":7091,"date":"2013-03-20T07:51:49","date_gmt":"2013-03-20T06:51:49","guid":{"rendered":"http:\/\/www.willizblog.de\/?p=7091"},"modified":"2013-03-19T12:00:24","modified_gmt":"2013-03-19T11:00:24","slug":"wer-glaubt-denn-an-den-klapperstorch","status":"publish","type":"post","link":"https:\/\/willizblog.de\/?p=7091","title":{"rendered":"Wer glaubt denn an den Klapperstorch"},"content":{"rendered":"<p>In einem Buch \u00fcber den <a href=\"https:\/\/de.wikipedia.org\/wiki\/Este_%28Fluss%29\" target=\"_blank\">Flu\u00df Este<\/a>, einem Nebenflu\u00df der Elbe, der in der <a href=\"https:\/\/de.wikipedia.org\/wiki\/Naturschutzgebiet_L%C3%BCneburger_Heide\" target=\"_blank\">L\u00fcneburger Heide<\/a> entsteht und in n\u00f6rdliche Richtung \u00f6stlich an Tostedt vorbeiflie\u00dft, gibt es einen Artikel \u00fcber die <a href=\"https:\/\/de.wikipedia.org\/wiki\/St%C3%B6rche\" target=\"_blank\">St\u00f6rche<\/a>, die auch bei uns immer noch bei der Brut und der Aufzucht der Jungv\u00f6gel anzutreffen sind. Es handelt sich dabei meist um <a href=\"http:\/\/niedersachsen.nabu.de\/tiereundpflanzen\/vogelschutz\/storch\/\" target=\"_blank\">Wei\u00dfst\u00f6rche<\/a>.<\/p>\n<p>Im Zusammenhang mit dem Wei\u00dfstorch gibt es in Europa die Legende, dass er die Babys bringt, oder, eine \u00e4ltere und heute vergessene Geschichte, dass er sich um alte Leute k\u00fcmmert. In vielen Gegenden Europas wird nach der Geburt eines Kindes als deren Symbolisierung vor dem Haus eine Storchenfigur angebracht. In dem genannten Artikel gibt es einen Abschnitt, der \u00fcber diese Legende vom Storch Adebar hinaus uns etwas von Frau Holle und einem Jungbrunnen erz\u00e4hlt, und uns in die alte nordische G\u00f6tterwelt und in die Welt der M\u00e4rchen, die wunderbar miteinander verwoben sind, entf\u00fchrt:<\/p>\n<p><img src=\"https:\/\/www.willizblog.de\/images\/storchennest.jpg\" alt=\"Storchennest in Niedersachsen\" title=\"Storchennest in Niedersachsen\" \/><\/p>\n<p><em>In der G\u00f6tterwelt vergangener Zeiten hielt die Gemahlin des Gottes Wotan<\/em> <a href=\"https:\/\/de.wikipedia.org\/wiki\/Odin\" target=\"_blank\">[Odin]<\/a> <em>als Frigg, Fraia oder Frikka<\/em> [auch Freia oder <a href=\"https:\/\/de.wikipedia.org\/wiki\/Freya\" target=\"_blank\">Freya<\/a>] <em>ihre sch\u00fctzende Hand \u00fcber die Menschen. Noch immer ist Freias Tag unser Freitag. Auch unter ihrem anderen Namen Hulda<\/em> <a href=\"https:\/\/de.wikipedia.org\/wiki\/Perchta\" target=\"_blank\">[Perchta]<\/a> <em>oder <a href=\"https:\/\/de.wikipedia.org\/wiki\/Frau_Holle\" target=\"_blank\">Holle<\/a> lebt sie in unsern M\u00e4rchen fort. In der Vorstellungswelt der Alten hatte sie ihren Wohnsitz in einem See oder <a href=\"https:\/\/de.wikipedia.org\/wiki\/Brunnen_als_Motiv#Der_Brunnen_im_M.C3.A4rchen\" target=\"_blank\">Brunnen<\/a>. Da \u201ebesitzt Holda einen wunderlieblichen Garten, hier nimmt sie die Seelen der Verstorbenen in Empfang und sendet sie wiedergeboren als Kinderseelen auf die Erde zur\u00fcck. Das ist der Ursprung des Sage vom <a href=\"https:\/\/de.wikipedia.org\/wiki\/Jungbrunnen\" target=\"_blank\">Jungbrunnen<\/a> oder Quickborn und des Glaubens, dass die neugeborenen Kinder aus dem Brunnen kommen. Hier holt sie der <a href=\"https:\/\/de.wikipedia.org\/wiki\/St%C3%B6rche\" target=\"_blank\">Storch<\/a>, Adebar oder Odebar, welcher der Vogel der Freia ist.\u201c<\/em><\/p>\n<p>aus: <a href=\"https:\/\/www.amazon.de\/gp\/product\/3881323554\/ref=as_li_tf_tl?ie=UTF8&#038;camp=1638&#038;creative=6742&#038;creativeASIN=3881323554&#038;linkCode=as2&#038;tag=familiealbin-21\" target=\"_blank\"><strong>Die Este: Von der Quelle bis zur M\u00fcndung<\/strong><\/a><img loading=\"lazy\" src=\"https:\/\/www.assoc-amazon.de\/e\/ir?t=familiealbin-21&#038;l=as2&#038;o=3&#038;a=3881323554\" width=\"1\" height=\"1\" border=\"0\" alt=\"\" style=\"border:none !important; margin:0px !important;\" \/> &#8211; herausgegeben von Marlis und Hans-Joachim Dammann \u2013 2012 Verlag Atelier im Bauernhaus \u2013 Heimatverein Buxtehude und Kulturforum am Hafen, S. 64 \u2013 <em>eigentliche Quelle<\/em>: <a href=\"http:\/\/www.zeno.org\/Goetzinger-1885\/A\/Freia,+Fria,+Frigg\" target=\"_blank\">Reallexicon der Deutschen Altert\u00fcmer<\/a> &#8211; Ein Hand- und Nachschlagebuch der Kulturgeschichte des deutschen Volkes bearbeitet von Dr. E. G\u00f6tzinger, 1885<\/p>\n","protected":false},"excerpt":{"rendered":"<p>In einem Buch \u00fcber den Flu\u00df Este, einem Nebenflu\u00df der Elbe, der in der L\u00fcneburger Heide entsteht und in n\u00f6rdliche Richtung \u00f6stlich an Tostedt vorbeiflie\u00dft, gibt es einen Artikel \u00fcber die St\u00f6rche, die auch bei uns immer noch bei der Brut und der Aufzucht der Jungv\u00f6gel anzutreffen sind. Es handelt sich dabei meist um Wei\u00dfst\u00f6rche. &hellip; <a href=\"https:\/\/willizblog.de\/?p=7091\" class=\"more-link\"><span class=\"screen-reader-text\">Wer glaubt denn an den Klapperstorch<\/span> weiterlesen <span class=\"meta-nav\">&rarr;<\/span><\/a><\/p>\n","protected":false},"author":1,"featured_media":0,"comment_status":"open","ping_status":"open","sticky":false,"template":"","format":"standard","meta":[],"categories":[3],"tags":[],"_links":{"self":[{"href":"https:\/\/willizblog.de\/index.php?rest_route=\/wp\/v2\/posts\/7091"}],"collection":[{"href":"https:\/\/willizblog.de\/index.php?rest_route=\/wp\/v2\/posts"}],"about":[{"href":"https:\/\/willizblog.de\/index.php?rest_route=\/wp\/v2\/types\/post"}],"author":[{"embeddable":true,"href":"https:\/\/willizblog.de\/index.php?rest_route=\/wp\/v2\/users\/1"}],"replies":[{"embeddable":true,"href":"https:\/\/willizblog.de\/index.php?rest_route=%2Fwp%2Fv2%2Fcomments&post=7091"}],"version-history":[{"count":0,"href":"https:\/\/willizblog.de\/index.php?rest_route=\/wp\/v2\/posts\/7091\/revisions"}],"wp:attachment":[{"href":"https:\/\/willizblog.de\/index.php?rest_route=%2Fwp%2Fv2%2Fmedia&parent=7091"}],"wp:term":[{"taxonomy":"category","embeddable":true,"href":"https:\/\/willizblog.de\/index.php?rest_route=%2Fwp%2Fv2%2Fcategories&post=7091"},{"taxonomy":"post_tag","embeddable":true,"href":"https:\/\/willizblog.de\/index.php?rest_route=%2Fwp%2Fv2%2Ftags&post=7091"}],"curies":[{"name":"wp","href":"https:\/\/api.w.org\/{rel}","templated":true}]}}