{"id":7101,"date":"2013-03-21T08:57:42","date_gmt":"2013-03-21T07:57:42","guid":{"rendered":"http:\/\/www.willizblog.de\/?p=7101"},"modified":"2013-03-21T08:57:42","modified_gmt":"2013-03-21T07:57:42","slug":"90-jahre-jurgen-von-manger","status":"publish","type":"post","link":"https:\/\/willizblog.de\/?p=7101","title":{"rendered":"90 Jahre J\u00fcrgen von Manger"},"content":{"rendered":"<p>Mann muss schon mindestens in meinem Alter sein oder aus dem Ruhrpott stammen, um ihn noch zu kennen: den Kabarettisten <a href=\"https:\/\/de.wikipedia.org\/wiki\/J%C3%BCrgen_von_Manger\" target=\"_blank\">J\u00fcrgen von Manger<\/a>. Er wurde mit seiner B\u00fchnenfigur Adolf Tegtmeier zum Chronist des Milieus im Ruhrpott. Anfang M\u00e4rz w\u00e4re von Manger 90 Jahre alt geworden. Er verstarb aber bereits 1994 wenige Tage nach seinem 71. Geburtstag.<\/p>\n<p><em>\u201eSeine Auftritte mit kabarettistischen Solo-Programmen, haupts\u00e4chlich um die Figur des Ruhrgebiets-Kleinb\u00fcrgers Adolf Tegtmeier, die er urspr\u00fcnglich f\u00fcr den H\u00f6rfunk entwickelt hatte, sp\u00e4ter aber auch auf zum Teil sehr erfolgreichen Sprechplatten (Stegreifgeschichten, zwei davon erhielten eine Goldene Schallplatte) und in zahlreichen Fernsehprogrammen verk\u00f6rperte, begann von Manger in den 1960er Jahren zu vertiefen.\u201c<\/em> <em>\u201eIm Fernsehen hatte von Manger gro\u00dfen Erfolg mit der Reihe <a href=\"https:\/\/de.wikipedia.org\/wiki\/Tegtmeiers_Reisen\" target=\"_blank\">Tegtmeiers Reisen<\/a><\/em> [20 Folgen], <em>die ab dem 14. Juli 1972 bis zum 3. Juli 1980 vom ZDF ausgestrahlt wurde.\u201c<\/em> Es folgten 14 Folgen von <a href=\"https:\/\/de.wikipedia.org\/wiki\/Tegtmeier_kl%C3%A4rt_auf\" target=\"_blank\">Tegtmeier kl\u00e4rt<\/a> auf (1981\u20131983).<\/p>\n<p><img src=\"https:\/\/www.willizblog.de\/images\/juergen_von_manger.jpg\" alt=\"J\u00fcrgen von Manger alias \u201aAdolf Tegtmeier\u2019\" title=\"J\u00fcrgen von Manger alias \u201aAdolf Tegtmeier\u2019\" \/><\/p>\n<p>Von Manger \u00fcberzeichnete in seinen Darbietungen die Sprache des Ruhrgebiets-B\u00fcrgers bis ins Komische: <em>\u201eWenn ich Sie mir so anguck, k\u00f6nnt ich mir vorstellen, dat die Fantasie von so mancher Herr ganz sch\u00f6n am Kochen f\u00e4ngt!\u201c<\/em> <em>\u201eBleiben Se Mensch\u201c<\/em> oder <em>\u201eDat is vielleicht ein Dingen\u201c<\/em> sind auch so typisch von Manger\u2019sche Spr\u00fcche.<\/p>\n<p>Der Mann mit der schiefen M\u00fctze und dem schiefen Mund erinnert einwenig an <a href=\"https:\/\/www.willizblog.de\/?p=1459\" target=\"_blank\">Heinz Erhardt<\/a>. Was mich vielleicht f\u00fcr ihn eingenommen hat, war der <a href=\"https:\/\/de.wikipedia.org\/wiki\/Ruhrdeutsch\" target=\"_blank\">ruhrdeutsche Dialekt<\/a>, der mir \u00fcber das <a href=\"https:\/\/de.wikipedia.org\/wiki\/K%C3%B6lsch_%28Sprache%29\" target=\"_blank\">k\u00f6lsch<\/a>-eingef\u00e4rbte Sprechen meiner Mutter durchaus bekannt war. Denn in beiden <a href=\"https:\/\/de.wikipedia.org\/wiki\/Regiolekt\" target=\"_blank\">Regiolekten<\/a> finden sich \u00dcberschneidungen (<em>Kappes<\/em> = Mistzeug, schlechte Idee (urspr\u00fcnglich Kohl); <em>ne fiese M\u00f6pp<\/em>). Selbst das rudiment\u00e4r vorhandene <a href=\"https:\/\/de.wikipedia.org\/wiki\/Niederpreu%C3%9Fisch\" target=\"_blank\">Ostpreu\u00dfische<\/a> meines Vaters findet sich im Ruhrdeutschen in einigen Begriffen (z.B. <em>Lorbass<\/em> = Schlingel) wieder.<\/p>\n<p>Welche Vorliebe ich f\u00fcr die deutsche Sprache im allgemeinen (u.a. <a href=\"https:\/\/www.willizblog.de\/?p=7054\" target=\"_blank\">Wortschatz<\/a> &#8211; <a href=\"https:\/\/www.willizblog.de\/?p=7065\" target=\"_blank\">G\u00fcnter Grass: Grimms W\u00f6rter<\/a>) und f\u00fcr Dialekte im besonderen (u.a. <a href=\"https:\/\/www.willizblog.de\/?p=5938\" target=\"_blank\">Komm inne Puschen!<\/a>) habe, wurde in diesem Blog hinreichend kundgetan.<\/p>\n<p>Zur\u00fcck zu <a target=\"_blank\" href=\"https:\/\/www.amazon.de\/gp\/search?ie=UTF8&#038;camp=1638&#038;creative=6742&#038;index=aps&#038;keywords=J%C3%BCrgen%20von%20Manger&#038;linkCode=ur2&#038;tag=familiealbin-21\"><strong>J\u00fcrgen von Manger<\/strong><\/a><img loading=\"lazy\" src=\"https:\/\/www.assoc-amazon.de\/e\/ir?t=familiealbin-21&#038;l=ur2&#038;o=3\" width=\"1\" height=\"1\" border=\"0\" alt=\"\" style=\"border:none !important; margin:0px !important;\" \/>: Lange hat man von ihm nichts mehr geh\u00f6rt. Da hat der Bochumer <a href=\"http:\/\/www.roofmusic.de\/de\/\" target=\"_blank\">Musikverlag Roof Music<\/a> sein Werk in sein Programm aufgenommen. <em>\u201e\u201aIch bin seit meiner Kindheit gro\u00dfer J\u00fcrgen von Manger-Fan\u2019, erkl\u00e4rt Roof-Music-Gesch\u00e4ftsf\u00fchrer Bernd Kowalzik. \u201aIrgendwann fiel mir auf, dass es keine Platten mehr gab.\u2019 Vinyl war vergriffen, CDs noch nicht erh\u00e4ltlich.\u201c<\/em> (Quelle: <a href=\"http:\/\/www.derwesten.de\/staedte\/nachrichten-aus-herne-und-wanne-eickel\/tegtmeier-lebt-in-tondokumenten-weiter-id7688845.html\" target=\"_blank\">derwesten.de<\/a>)<\/p>\n<p>Dem nicht genug: Es gibt immer noch jede Menge unver\u00f6ffentlichtes Material, das von Manger zz. selbst mit einem Tonbandger\u00e4t aufgenommen und dem Musikverlag zur Verf\u00fcgung gestellt hat. Hier einige <a href=\"http:\/\/www.roofmusic.de\/de\/index.php?area=tacheles&#038;content=productdetail&#038;id=114\" target=\"_blank\">H\u00f6rproben von der CD D\u00f6nekes<\/a>.<\/p>\n<p><iframe loading=\"lazy\" width=\"560\" height=\"315\" src=\"https:\/\/www.youtube.com\/embed\/wtUOmX1bruc?list=PL2CEE929CD59C548A\" frameborder=\"0\" allowfullscreen><\/iframe><br \/>\nDas Beste von Adolf Tegtmeier (J\u00fcrgen von Manger)<\/p>\n<p>Wer sich etwas intensiver mit den Texten von J\u00fcrgen von Manger und seinem Adolf Tegtmeier auseinandersetzen m\u00f6chte, hier zwei l\u00e4ngere Texte: <a href=\"http:\/\/staff-www.uni-marburg.de\/~naeser\/manger1.htm\" target=\"_blank\">Ausgew\u00e4hlte Sketche<\/a><\/p>\n<p>Es gibt heute <a href=\"https:\/\/de.wikipedia.org\/wiki\/Ruhrdeutsch#Bekannte_Kabarettisten_und_Schauspieler\" target=\"_blank\">einige Kabarettisten<\/a> die sich durchaus in der Tradition von J\u00fcrgen von Manger sehen, z.B. <a href=\"https:\/\/de.wikipedia.org\/wiki\/Helge_Schneider\" target=\"_blank\">Helge Schneider<\/a>, <a href=\"https:\/\/www.willizblog.de\/?p=2687\" target=\"_blank\">Hape Kerkeling<\/a> oder <a href=\"https:\/\/de.wikipedia.org\/wiki\/Elke_Heidenreich\" target=\"_blank\">Elke Heidenreich<\/a> als \u201eElse Stratmann, Metzgersgattin aus Wanne-Eickel\u201c. Nach langen Jahren habe ich J\u00fcrgen von Manger in diesem Tagen gewisserma\u00dfen wiederentdeckt.<\/p>\n","protected":false},"excerpt":{"rendered":"<p>Mann muss schon mindestens in meinem Alter sein oder aus dem Ruhrpott stammen, um ihn noch zu kennen: den Kabarettisten J\u00fcrgen von Manger. Er wurde mit seiner B\u00fchnenfigur Adolf Tegtmeier zum Chronist des Milieus im Ruhrpott. Anfang M\u00e4rz w\u00e4re von Manger 90 Jahre alt geworden. Er verstarb aber bereits 1994 wenige Tage nach seinem 71. &hellip; <a href=\"https:\/\/willizblog.de\/?p=7101\" class=\"more-link\"><span class=\"screen-reader-text\">90 Jahre J\u00fcrgen von Manger<\/span> weiterlesen <span class=\"meta-nav\">&rarr;<\/span><\/a><\/p>\n","protected":false},"author":1,"featured_media":0,"comment_status":"open","ping_status":"open","sticky":false,"template":"","format":"standard","meta":[],"categories":[7,13],"tags":[],"_links":{"self":[{"href":"https:\/\/willizblog.de\/index.php?rest_route=\/wp\/v2\/posts\/7101"}],"collection":[{"href":"https:\/\/willizblog.de\/index.php?rest_route=\/wp\/v2\/posts"}],"about":[{"href":"https:\/\/willizblog.de\/index.php?rest_route=\/wp\/v2\/types\/post"}],"author":[{"embeddable":true,"href":"https:\/\/willizblog.de\/index.php?rest_route=\/wp\/v2\/users\/1"}],"replies":[{"embeddable":true,"href":"https:\/\/willizblog.de\/index.php?rest_route=%2Fwp%2Fv2%2Fcomments&post=7101"}],"version-history":[{"count":0,"href":"https:\/\/willizblog.de\/index.php?rest_route=\/wp\/v2\/posts\/7101\/revisions"}],"wp:attachment":[{"href":"https:\/\/willizblog.de\/index.php?rest_route=%2Fwp%2Fv2%2Fmedia&parent=7101"}],"wp:term":[{"taxonomy":"category","embeddable":true,"href":"https:\/\/willizblog.de\/index.php?rest_route=%2Fwp%2Fv2%2Fcategories&post=7101"},{"taxonomy":"post_tag","embeddable":true,"href":"https:\/\/willizblog.de\/index.php?rest_route=%2Fwp%2Fv2%2Ftags&post=7101"}],"curies":[{"name":"wp","href":"https:\/\/api.w.org\/{rel}","templated":true}]}}