{"id":7105,"date":"2013-03-22T07:53:39","date_gmt":"2013-03-22T06:53:39","guid":{"rendered":"http:\/\/www.willizblog.de\/?p=7105"},"modified":"2013-03-21T09:56:02","modified_gmt":"2013-03-21T08:56:02","slug":"turnschuhtag","status":"publish","type":"post","link":"https:\/\/willizblog.de\/?p=7105","title":{"rendered":"Turnschuhtag"},"content":{"rendered":"<p>Keine Frage: Die meisten von uns sitzen jeden Tag zu viel. Kaum aufgestanden und geduscht sitzen wir am Fr\u00fchst\u00fcckstisch. Zur Arbeit fahren wir mit dem Auto, der Bahn oder dem Bus \u2013 sitzend! Und dann sitzen wir im B\u00fcro am Arbeitsplatz fast den ganzen Tag. Abends das Gleiche: Sitzend nach Hause, sitzend am Abendbrottisch \u2013 und zuletzt sitzen wir auch noch vor der Glotze. Sport treiben die wenigsten. Selbst beim Def\u00e4kieren \u201asitzen\u2019 wir.<\/p>\n<p>Jetzt, da der Fr\u00fchling langsam einkehrt (sp\u00e4testens zum Osterwochenende soll es deutlich w\u00e4rmer werden), ist die Zeit gekommen, etwas gegen die Wampe und den dicken Hintern zu tun. Statt der ledernen Halbschuhe oder Stiefelchen kann man einmal die Woche in Turnschuhe schl\u00fcrfen und damit einen Turnschuhtag einlegen. Gleich am Morgen steigt man eine Station fr\u00fcher aus, um den verl\u00e4ngerten Weg per pedes zu bestreiten. Muss man zum Chef in den f\u00fcnften Stock: statt Fahrstuhl benutzt man dann die Treppen. Auch sonst zwischendurch hoch mit dem Hintern: einige <a href=\"https:\/\/de.wikipedia.org\/wiki\/Dehngymnastik\" target=\"_blank\">Dehn\u00fcbungen<\/a> haben noch keinem geschadet. Und abends l\u00e4uft man im leichten Galopp mindestens einmal um den Pudding, bevor man sich an den Abendbrottisch setzt.<\/p>\n<ul><img src=\"https:\/\/www.willizblog.de\/blogpicts\/herbst_laufschuhe_2010.jpg\" alt=\"Turnschuhtag!\" title=\"Turnschuhtag!\" \/><\/ul>\n<p>Wenn wir w\u00f6chentlich einen Turnschuhtag einlegen, werden wir uns schnell bewusst, wie wenig wir eigentlich f\u00fcr unseren K\u00f6rper tun. Weltrekorde m\u00fcssen wir nicht aufstellen. Auch ein <a href=\"https:\/\/www.willizblog.de\/?p=6465\" target=\"_blank\">Laufen unter Extrembedingungen<\/a> tut nicht Not. Aber ein bisschen mehr den Hintern bewegen, das w\u00e4re nicht schlecht. Also gleich am Montag die Turnschuhe heraus &#8230;!<\/p>\n<p>siehe auch: <a href=\"https:\/\/www.willizblog.de\/?p=3553\" target=\"_blank\">Bloggen und Joggen<\/a><\/p>\n","protected":false},"excerpt":{"rendered":"<p>Keine Frage: Die meisten von uns sitzen jeden Tag zu viel. Kaum aufgestanden und geduscht sitzen wir am Fr\u00fchst\u00fcckstisch. Zur Arbeit fahren wir mit dem Auto, der Bahn oder dem Bus \u2013 sitzend! Und dann sitzen wir im B\u00fcro am Arbeitsplatz fast den ganzen Tag. Abends das Gleiche: Sitzend nach Hause, sitzend am Abendbrottisch \u2013 &hellip; <a href=\"https:\/\/willizblog.de\/?p=7105\" class=\"more-link\"><span class=\"screen-reader-text\">Turnschuhtag<\/span> weiterlesen <span class=\"meta-nav\">&rarr;<\/span><\/a><\/p>\n","protected":false},"author":1,"featured_media":0,"comment_status":"open","ping_status":"open","sticky":false,"template":"","format":"standard","meta":[],"categories":[4],"tags":[],"_links":{"self":[{"href":"https:\/\/willizblog.de\/index.php?rest_route=\/wp\/v2\/posts\/7105"}],"collection":[{"href":"https:\/\/willizblog.de\/index.php?rest_route=\/wp\/v2\/posts"}],"about":[{"href":"https:\/\/willizblog.de\/index.php?rest_route=\/wp\/v2\/types\/post"}],"author":[{"embeddable":true,"href":"https:\/\/willizblog.de\/index.php?rest_route=\/wp\/v2\/users\/1"}],"replies":[{"embeddable":true,"href":"https:\/\/willizblog.de\/index.php?rest_route=%2Fwp%2Fv2%2Fcomments&post=7105"}],"version-history":[{"count":0,"href":"https:\/\/willizblog.de\/index.php?rest_route=\/wp\/v2\/posts\/7105\/revisions"}],"wp:attachment":[{"href":"https:\/\/willizblog.de\/index.php?rest_route=%2Fwp%2Fv2%2Fmedia&parent=7105"}],"wp:term":[{"taxonomy":"category","embeddable":true,"href":"https:\/\/willizblog.de\/index.php?rest_route=%2Fwp%2Fv2%2Fcategories&post=7105"},{"taxonomy":"post_tag","embeddable":true,"href":"https:\/\/willizblog.de\/index.php?rest_route=%2Fwp%2Fv2%2Ftags&post=7105"}],"curies":[{"name":"wp","href":"https:\/\/api.w.org\/{rel}","templated":true}]}}