{"id":7119,"date":"2013-03-26T12:18:11","date_gmt":"2013-03-26T11:18:11","guid":{"rendered":"http:\/\/www.willizblog.de\/?p=7119"},"modified":"2013-03-26T12:18:11","modified_gmt":"2013-03-26T11:18:11","slug":"die-este-%e2%80%93-von-der-quelle-bis-zur-mundung","status":"publish","type":"post","link":"https:\/\/willizblog.de\/?p=7119","title":{"rendered":"Die Este \u2013 Von der Quelle bis zur M\u00fcndung"},"content":{"rendered":"<p>S\u00fcdlich von <a href=\"https:\/\/de.wikipedia.org\/wiki\/Tostedt\" target=\"_blank\">Tostedt<\/a> entspringen in der <a href=\"https:\/\/de.wikipedia.org\/wiki\/L%C3%BCneburger_Heide\" target=\"_blank\">L\u00fcneburger Heide<\/a> gleich mehrere Fl\u00fcsse. Zum einen die <a href=\"https:\/\/de.wikipedia.org\/wiki\/W%C3%BCmme\" target=\"_blank\">W\u00fcmme<\/a>, die sich \u00fcber eine weite Strecke l\u00e4ngst der Bahnlinie Hamburg-Bremen schl\u00e4ngelt und sich zehn Kilometer vor dem Zufluss in die Niederweser in Bremen-Nord mit der Hamme zur <a href=\"https:\/\/de.wikipedia.org\/wiki\/Lesum\" target=\"_blank\">Lesum<\/a> vereinigt. Zum anderen ist es die <a href=\"https:\/\/de.wikipedia.org\/wiki\/Oste\" target=\"_blank\">Oste<\/a>, deren Quelle sich am s\u00fcdlichen Ortsrand von Tostedt befindet; ich berichtete vor geraumer Zeit von diesem Fluss (<a href=\"https:\/\/www.willizblog.de\/?p=5021\" target=\"_blank\">Radeln entlang der Oste<\/a>), der bei Neuhaus in die Unterelbe m\u00fcndet.<\/p>\n<p>Und es gibt noch einen Fluss, der s\u00fcdlich von Tostedt entspringt: die <a href=\"https:\/\/de.wikipedia.org\/wiki\/Este_(Fluss)\" target=\"_blank\">Este<\/a>. Dieser m\u00fcndet auf Hamburger Gebiet im <a href=\"https:\/\/de.wikipedia.org\/wiki\/Hamburg-Cranz\" target=\"_blank\">Ortsteil Cranz<\/a> <a href=\"https:\/\/de.wikipedia.org\/wiki\/Liste_der_Fl%C3%BCsse_in_Niedersachsen\" target=\"_blank\">in die Elbe<\/a>.<\/p>\n<ul><img src=\"https:\/\/www.willizblog.de\/images\/este_karte.jpg\" alt=\"Flussverlauf der Este\" title=\"Flussverlauf der Este\" \/><\/ul>\n<p>Zu diesem Fluss gibt es ein lesenswertes Buch <a href=\"https:\/\/www.amazon.de\/gp\/product\/3881323554\/ref=as_li_tf_tl?ie=UTF8&#038;camp=1638&#038;creative=6742&#038;creativeASIN=3881323554&#038;linkCode=as2&#038;tag=familiealbin-21\" target=\"_blank\"><strong>Die Este: Von der Quelle bis zur M\u00fcndung<\/strong><\/a><img loading=\"lazy\" src=\"https:\/\/www.assoc-amazon.de\/e\/ir?t=familiealbin-21&#038;l=as2&#038;o=3&#038;a=3881323554\" width=\"1\" height=\"1\" border=\"0\" alt=\"\" style=\"border:none !important; margin:0px !important;\" \/> \u2013 herausgegeben von Marlis und Hans-Joachim Dammann \u2013 2012 <a href=\"http:\/\/www.atelierbauernhaus.de\/Atelier_im_Bauernhaus\/Home.html\" target=\"_blank\">Verlag Atelier im Bauernhaus<\/a> \u2013 Heimatverein Buxtehude und Kulturforum am Hafen, das in vielen Bildern und Geschichten den Leser \u00fcber die Natur, die Geschichte, aber auch \u00fcber Kunst und Kultur entlang der Este informiert.<\/p>\n<p><em>\u201eEin <a href=\"http:\/\/www.atelierbauernhaus.de\/Atelier_im_Bauernhaus\/Neuerscheinungen\/Eintrage\/2012\/11\/12_Die_Este_Von_der_Quelle_bis_zur_Mundung.html\" target=\"_blank\">bebildertes Lesebuch<\/a> im Wanderf\u00fchrerformat, herausgegeben von Marlis und Hans Joachim Dammann. Seit der Eiszeit sucht sich ein kleiner Fluss durch die Nordheide seine Bahn und formte eine wundersch\u00f6ne Landschaft, ihren Weg zur Elbe suchend. Dieser Fluss erz\u00e4hlt in dem Buch aus seiner Geschichte, \u00fcber 40 Autoren beteiligen sich durch Gedichte, Beitr\u00e4ge zur Natur, Geschichte, Kulturgeschichte und Kunst.\u201c<\/em><\/p>\n<ul><img src=\"http:\/\/www.atelierbauernhaus.de\/Atelier_im_Bauernhaus\/Neuerscheinungen\/Eintrage\/2012\/11\/12_Die_Este_Von_der_Quelle_bis_zur_Mundung_files\/shapeimage_1.png\" alt=\"Die Este - Von der Quelle bis zur M\u00fcndung\" title=\"Die Este - Von der Quelle bis zur M\u00fcndung\" \/><\/ul>\n<p>Der Name der Este <em>\u201eist eine Variante zu ast, einem Begriff, der in ganz Westeuropa in Fluss- und Gew\u00e4ssernamen auftaucht. Nicht nur die nahegelegene Oste, sondern auch Astbrock bei H\u00f6xter, die Stadt Asti in Italien, der Fluss Astura in Spanien oder Asthale in England verweisen auf dieses Gew\u00e4sserwort aus vorgermanischer Zeit. Schon die R\u00f6mer kannten einen Estia palus, den Sumpf Estia, und an der Illerquelle wohnten die \u201aEstiones\u2019.<\/em><\/p>\n<p><em>Die Verbreitung in ganz Europa l\u00e4sst erkennen, dass das Wort ast seinen Ursprung in einer Zeit hat, in der noch eine gemeinsame indoeurop\u00e4ische Ursprache existierte. [&#8230;] Erst im Laufe der folgenden Jahrtausende entwickelte sich aus dieser gemeinsamen Muttersprache die heutige Vielfalt europ\u00e4ischer Sprachen.<\/em> [&#8230;]<\/p>\n<p><em>Am weitesten zur\u00fcck reicht das rekonstruierte alteurop\u00e4ische Wort \u00e1st-a. Aus diesem Begriff wurde dann im Althochdeutschen astina, im Mittelhochdeutschen schlie\u00dflich estene.<\/em><\/p>\n<p><em>Wie die Oste einmal Ostene, die Bille einmal Billene oder die Seeve Sevene, hie\u00df also auch die Este fr\u00fcher einmal Estene.<\/em><\/p>\n<p><em>Der Begriff est oder ast f\u00fcr S\u00fcmpfe oder Gew\u00e4sser verbindet sich hier mit der Nachsilbe \u2013ene. Durch dieses Suffix konnte, wie heute noch durch \u2013en oder -ig, aus einem Nomen ein Adjektiv gebildet werden. Aus Gold wird also golden oder goldig \u2013 oder, wie im Fall der Este, aus Sumpf sumpfig.<\/em> [&#8230;]\u201c <em>\u201eDer Name der Este steht also f\u00fcr Sumpf oder sumpfiges Gebiet. Die vielen Bruchw\u00e4lder entlang des Flusses zeigen dies heute noch deutlich.\u201c<\/em><\/p>\n<p>(Der Name der Este \u2013 Lena Dammann \u2013 S. 46)<\/p>\n","protected":false},"excerpt":{"rendered":"<p>S\u00fcdlich von Tostedt entspringen in der L\u00fcneburger Heide gleich mehrere Fl\u00fcsse. Zum einen die W\u00fcmme, die sich \u00fcber eine weite Strecke l\u00e4ngst der Bahnlinie Hamburg-Bremen schl\u00e4ngelt und sich zehn Kilometer vor dem Zufluss in die Niederweser in Bremen-Nord mit der Hamme zur Lesum vereinigt. Zum anderen ist es die Oste, deren Quelle sich am s\u00fcdlichen &hellip; <a href=\"https:\/\/willizblog.de\/?p=7119\" class=\"more-link\"><span class=\"screen-reader-text\">Die Este \u2013 Von der Quelle bis zur M\u00fcndung<\/span> weiterlesen <span class=\"meta-nav\">&rarr;<\/span><\/a><\/p>\n","protected":false},"author":1,"featured_media":0,"comment_status":"open","ping_status":"open","sticky":false,"template":"","format":"standard","meta":[],"categories":[11],"tags":[],"_links":{"self":[{"href":"https:\/\/willizblog.de\/index.php?rest_route=\/wp\/v2\/posts\/7119"}],"collection":[{"href":"https:\/\/willizblog.de\/index.php?rest_route=\/wp\/v2\/posts"}],"about":[{"href":"https:\/\/willizblog.de\/index.php?rest_route=\/wp\/v2\/types\/post"}],"author":[{"embeddable":true,"href":"https:\/\/willizblog.de\/index.php?rest_route=\/wp\/v2\/users\/1"}],"replies":[{"embeddable":true,"href":"https:\/\/willizblog.de\/index.php?rest_route=%2Fwp%2Fv2%2Fcomments&post=7119"}],"version-history":[{"count":0,"href":"https:\/\/willizblog.de\/index.php?rest_route=\/wp\/v2\/posts\/7119\/revisions"}],"wp:attachment":[{"href":"https:\/\/willizblog.de\/index.php?rest_route=%2Fwp%2Fv2%2Fmedia&parent=7119"}],"wp:term":[{"taxonomy":"category","embeddable":true,"href":"https:\/\/willizblog.de\/index.php?rest_route=%2Fwp%2Fv2%2Fcategories&post=7119"},{"taxonomy":"post_tag","embeddable":true,"href":"https:\/\/willizblog.de\/index.php?rest_route=%2Fwp%2Fv2%2Ftags&post=7119"}],"curies":[{"name":"wp","href":"https:\/\/api.w.org\/{rel}","templated":true}]}}