{"id":7130,"date":"2013-03-30T15:47:56","date_gmt":"2013-03-30T14:47:56","guid":{"rendered":"http:\/\/www.willizblog.de\/?p=7130"},"modified":"2013-03-30T15:47:56","modified_gmt":"2013-03-30T14:47:56","slug":"weise-ostern","status":"publish","type":"post","link":"https:\/\/willizblog.de\/?p=7130","title":{"rendered":"Wei\u00dfe Ostern"},"content":{"rendered":"<p>Es wird wohl der k\u00e4lteste M\u00e4rz seit Beginn der Wetteraufzeichnungen sein?! Zu kalt ist er auf jeden Fall \u2013 und \u201aausgezeichnet\u2019 mit einer fast immer bestehenden Schneedecke all die M\u00e4rzentage. Die Frage, ob es wei\u00dfe Ostern gibt, ist l\u00e4ngst beantwortet: nat\u00fcrlich ja. Es ist f\u00fcr die Ostertage mit weiterem Schneefall zu rechnen. Und: Die Wetteraussichten f\u00fcr den Ostersonntag sagen uns hier im Norden Temperaturen voraus, die im Schnitt um satte 8 \u00b0C unter denen von Heiligabend 2012 liegen werden.<\/p>\n<p><img src=\"https:\/\/www.willizblog.de\/blogpicts\/maerz_schnee_2008_01.jpg\" alt=\"Ostereier im Schnee (Ende M\u00e4rz 2008)\" title=\"Ostereier im Schnee (Ende M\u00e4rz 2008)\" \/><\/p>\n<p>Aber wir d\u00fcrfen getr\u00f6stet sein: Schnee zu Ostern ist nichts Au\u00dfergew\u00f6hnliches. Nach wenig Schnee schien auf einem <a href=\"https:\/\/www.willizblog.de\/?p=1140\" target=\"_blank\">Osterspaziergang 2008<\/a> sogar die Sonne \u2013 um gleich danach die Ostereier doch noch mit einer ordentlichen <a href=\"https:\/\/www.willizblog.de\/?p=1142\" target=\"_blank\">Packung Schnee<\/a> zu belegen.<\/p>\n<p>Okay, als wir letztes Jahr am <a href=\"https:\/\/www.willizblog.de\/?p=6065\" target=\"_blank\">Ostersonntag aus Grainau<\/a> unterhalb der Zugspitze abreisten, da schneite es \u2013 wie sonst nur im Winter. Aber Grainau liegt immerhin \u00fcber 700 m \u00fcber dem Meeresspiegel. Trotzdem: Anfang April ist Schnee auch hier eher ungew\u00f6hnlich.<\/p>\n<p>Nach Ostern dann soll es langsam, aber stetig Fr\u00fchling werden &#8230;<\/p>\n","protected":false},"excerpt":{"rendered":"<p>Es wird wohl der k\u00e4lteste M\u00e4rz seit Beginn der Wetteraufzeichnungen sein?! Zu kalt ist er auf jeden Fall \u2013 und \u201aausgezeichnet\u2019 mit einer fast immer bestehenden Schneedecke all die M\u00e4rzentage. Die Frage, ob es wei\u00dfe Ostern gibt, ist l\u00e4ngst beantwortet: nat\u00fcrlich ja. Es ist f\u00fcr die Ostertage mit weiterem Schneefall zu rechnen. Und: Die Wetteraussichten &hellip; <a href=\"https:\/\/willizblog.de\/?p=7130\" class=\"more-link\"><span class=\"screen-reader-text\">Wei\u00dfe Ostern<\/span> weiterlesen <span class=\"meta-nav\">&rarr;<\/span><\/a><\/p>\n","protected":false},"author":1,"featured_media":0,"comment_status":"open","ping_status":"open","sticky":false,"template":"","format":"standard","meta":[],"categories":[16,32],"tags":[],"_links":{"self":[{"href":"https:\/\/willizblog.de\/index.php?rest_route=\/wp\/v2\/posts\/7130"}],"collection":[{"href":"https:\/\/willizblog.de\/index.php?rest_route=\/wp\/v2\/posts"}],"about":[{"href":"https:\/\/willizblog.de\/index.php?rest_route=\/wp\/v2\/types\/post"}],"author":[{"embeddable":true,"href":"https:\/\/willizblog.de\/index.php?rest_route=\/wp\/v2\/users\/1"}],"replies":[{"embeddable":true,"href":"https:\/\/willizblog.de\/index.php?rest_route=%2Fwp%2Fv2%2Fcomments&post=7130"}],"version-history":[{"count":0,"href":"https:\/\/willizblog.de\/index.php?rest_route=\/wp\/v2\/posts\/7130\/revisions"}],"wp:attachment":[{"href":"https:\/\/willizblog.de\/index.php?rest_route=%2Fwp%2Fv2%2Fmedia&parent=7130"}],"wp:term":[{"taxonomy":"category","embeddable":true,"href":"https:\/\/willizblog.de\/index.php?rest_route=%2Fwp%2Fv2%2Fcategories&post=7130"},{"taxonomy":"post_tag","embeddable":true,"href":"https:\/\/willizblog.de\/index.php?rest_route=%2Fwp%2Fv2%2Ftags&post=7130"}],"curies":[{"name":"wp","href":"https:\/\/api.w.org\/{rel}","templated":true}]}}