{"id":7148,"date":"2013-04-04T12:40:08","date_gmt":"2013-04-04T11:40:08","guid":{"rendered":"http:\/\/www.willizblog.de\/?p=7148"},"modified":"2013-04-04T12:06:04","modified_gmt":"2013-04-04T11:06:04","slug":"albinz-garten-ein-kirschbaum-wird-gefallt","status":"publish","type":"post","link":"https:\/\/willizblog.de\/?p=7148","title":{"rendered":"AlbinZ Garten: Ein Kirschbaum wird gef\u00e4llt"},"content":{"rendered":"<p>Eigentlich tut es mir in der Seele leid, wenn ein Baum gef\u00e4llt wird. Aber der Kirschbaum, den wir zur Einweihung des Hauses vor \u00fcber 17 Jahren bekommen hatten, war uns zu gro\u00df geworden \u2013 und nahm besonders meiner Frau die Sonne weg. Und die Kirschen, ganz ehrlich, waren geschmacklich auch nicht so toll. Selbst die V\u00f6gel haben sie eher verschm\u00e4ht.<\/p>\n<p>AlbinZ Garten: Ein Kirschbaum wird gef\u00e4llt (04.04.2013)<\/p>\n<p>Den Baumstumpf haben wir stehen lassen. Es werden dann im n\u00e4chsten Fr\u00fchjahr bestimmt einige \u00c4ste ausschlagen, sodass wir uns weiterhin an einer Kirschbl\u00fcte erfreuen k\u00f6nnen &#8230;.<\/p>\n","protected":false},"excerpt":{"rendered":"<p>Eigentlich tut es mir in der Seele leid, wenn ein Baum gef\u00e4llt wird. Aber der Kirschbaum, den wir zur Einweihung des Hauses vor \u00fcber 17 Jahren bekommen hatten, war uns zu gro\u00df geworden \u2013 und nahm besonders meiner Frau die Sonne weg. Und die Kirschen, ganz ehrlich, waren geschmacklich auch nicht so toll. Selbst die &hellip; <a href=\"https:\/\/willizblog.de\/?p=7148\" class=\"more-link\"><span class=\"screen-reader-text\">AlbinZ Garten: Ein Kirschbaum wird gef\u00e4llt<\/span> weiterlesen <span class=\"meta-nav\">&rarr;<\/span><\/a><\/p>\n","protected":false},"author":1,"featured_media":0,"comment_status":"open","ping_status":"open","sticky":false,"template":"","format":"standard","meta":[],"categories":[16],"tags":[],"_links":{"self":[{"href":"https:\/\/willizblog.de\/index.php?rest_route=\/wp\/v2\/posts\/7148"}],"collection":[{"href":"https:\/\/willizblog.de\/index.php?rest_route=\/wp\/v2\/posts"}],"about":[{"href":"https:\/\/willizblog.de\/index.php?rest_route=\/wp\/v2\/types\/post"}],"author":[{"embeddable":true,"href":"https:\/\/willizblog.de\/index.php?rest_route=\/wp\/v2\/users\/1"}],"replies":[{"embeddable":true,"href":"https:\/\/willizblog.de\/index.php?rest_route=%2Fwp%2Fv2%2Fcomments&post=7148"}],"version-history":[{"count":0,"href":"https:\/\/willizblog.de\/index.php?rest_route=\/wp\/v2\/posts\/7148\/revisions"}],"wp:attachment":[{"href":"https:\/\/willizblog.de\/index.php?rest_route=%2Fwp%2Fv2%2Fmedia&parent=7148"}],"wp:term":[{"taxonomy":"category","embeddable":true,"href":"https:\/\/willizblog.de\/index.php?rest_route=%2Fwp%2Fv2%2Fcategories&post=7148"},{"taxonomy":"post_tag","embeddable":true,"href":"https:\/\/willizblog.de\/index.php?rest_route=%2Fwp%2Fv2%2Ftags&post=7148"}],"curies":[{"name":"wp","href":"https:\/\/api.w.org\/{rel}","templated":true}]}}