{"id":7154,"date":"2013-04-06T08:14:03","date_gmt":"2013-04-06T07:14:03","guid":{"rendered":"http:\/\/www.willizblog.de\/?p=7154"},"modified":"2013-04-05T13:18:47","modified_gmt":"2013-04-05T12:18:47","slug":"albinz-familienalbum-1-familie-wolf-1950","status":"publish","type":"post","link":"https:\/\/willizblog.de\/?p=7154","title":{"rendered":"AlbinZ Familienalbum (1): Familie Wolf 1950"},"content":{"rendered":"<p>Nein, ich bin kein neuer Alfred Dorn, der Romanheld aus <a href=\"https:\/\/de.wikipedia.org\/wiki\/Martin_Walser\" target=\"_blank\">Martin Walsers<\/a> <a href=\"https:\/\/www.amazon.de\/gp\/product\/3518387529\/ref=as_li_tf_tl?ie=UTF8&#038;camp=1638&#038;creative=6742&#038;creativeASIN=3518387529&#038;linkCode=as2&#038;tag=familiealbin-21\" target=\"_blank\"><strong>Die Verteidigung der Kindheit<\/strong><\/a><img loading=\"lazy\" src=\"https:\/\/www.assoc-amazon.de\/e\/ir?t=familiealbin-21&#038;l=as2&#038;o=3&#038;a=3518387529\" width=\"1\" height=\"1\" border=\"0\" alt=\"\" style=\"border:none !important; margin:0px !important;\" \/>. Alfred Dorn, der die Kindheit verteidigen muss gegen Gegenwart und Zukunft. Der zu einem Fanatiker des Datums, des Faktums wird. Er will alles so bewahren, festhalten, wie es wirklich gewesen ist (Quelle: <a href=\"http:\/\/www.belletristik-couch.de\/martin-walser-die-verteidigung-der-kindheit.html\" target=\"_blank\">belletristik-couch.de<\/a>).<\/p>\n<p>Aber ein Artverwandter bin ich wohl schon. Diesen Blog f\u00fchre ich eben auch, um Vergangenes nicht entg\u00fcltig vergehen und vergessen zu lassen. Auch ich bem\u00fche mich ums Bewahren und Festhalten. Da kommt es mir gerade Recht, ein altes Fotoalbum, das erste Familienalbum meiner Eltern, 1940 angelegt, in die Hand bekommen zu haben. Alfred Dorn musste am 13. Februar 1945 miterleben, wie Dresden von britischen und US-amerikanischen Bomber schwer besch\u00e4digt wurde \u2013 und dabei alle Fotoalben seiner Familie verbrannten. Meine Eltern konnten die Fotos auf der Flucht aus Ostpreu\u00dfen <a href=\"https:\/\/de.wikipedia.org\/wiki\/Swinem%C3%BCnde#Das_Ende_des_Zweiten_Weltkriegs\" target=\"_blank\">\u00fcber Swinem\u00fcnde<\/a> und Ostsee nach Sachsen retten.<\/p>\n<p>Es liegt mir fern, alte Zeiten zu verkl\u00e4ren. Aber es interessiert mich schon, woher ich komme. Und damit meine ich nat\u00fcrlich auch meine Vorgeschichte, die Geschichte meiner Eltern und Vorfahren.<\/p>\n<p>In dem besagten Fotoalbum habe ich ein sehr sch\u00f6nes Foto aus dem Jahre 1950 gefunden. Es ist zu Weihnachten des Jahres in Berghausen, einem kleinen Ort oberhalb von Oberpleis, das jetzt alles zu K\u00f6nigswinter am Rhein geh\u00f6rt, aufgenommen worden. Dort lebten meine Gro\u00dfeltern und eine Schwester meiner Mutter. Ich selbst war u.a. im <a href=\"https:\/\/www.willizblog.de\/?p=4617\" target=\"_blank\">Sommer 1965<\/a> in Sommerferien dort.<\/p>\n<p>Das Foto ist deshalb so bemerkenswert, weil es die Familie meiner Mutter zeigt. Ein solches Foto ist wohl niemals mehr aufgenommen worden. In der Mitte sind meine Gro\u00dfeltern (m\u00fctterlicherseits). Meine Gro\u00dfmutter hie\u00dft wohl Martha, mein Gro\u00dfvater Matthias Wolf.<\/p>\n<p><img src=\"https:\/\/www.willizblog.de\/images\/albinz_familienalbum_1950_weihnachten_familie_wolf.jpg\" alt=\"Familie Matthias Wolf, 1950, Berghausen\/Oberpleis\" title=\"Familie Matthias Wolf, 1950, Berghausen\/Oberpleis\" \/><\/p>\n<p>Aber fange ich von links an: Meine Mutter Maria, mein Onkel Alois (genannt Alo, der in jungen Jahren Boxen als Sport getrieben und wohl eine gewisse \u00c4hnlichkeit mit Max Schmeling hatte, daher als \u201aj\u00fcngerer Bruder\u2019 von Schmeling angesehen wurde), meine Gro\u00dfeltern, der j\u00fcngste Onkel Otto und meine Tante Ruth. Daneben gab es noch drei weitere Kinder meiner Gro\u00dfeltern (sie hatten also sieben Kinder), wovon ein M\u00e4dchen schon bald nach der Geburt starb. Meine Mutter hatte also noch zwei weitere Br\u00fcder: Matthias, genannt Mattjes, und Willi (hie\u00df wahrscheinlich Wilhelm), der Lieblingsbruder, nach dem ich Wilfried genannt wurde. Beide sind im 2. Weltkrieg als junge M\u00e4nner in Russland verschollen (und sind wohl auf dem Foto, das Anfang der zwanziger Jahre die <a href=\"https:\/\/www.willizblog.de\/?p=621\" target=\"_blank\">Kinder von der Schnurgass\u2019<\/a> darstellt, abgebildet). Mein Onkel Otto lebt heute noch in K\u00f6ln.<\/p>\n<p>Neben den Fotos aus dem ersten Fotoalbum meiner Eltern habe ich nach dem Tode beider noch einiges andere Material \u201ageerbt\u2019. Das sollte Anlass sein, im Alfred Dorn\u2019schen Sinne die Vergangenheit nicht nur zu bewahren, sondern in meinem Sinne wieder aufleben zu lassen.<\/p>\n","protected":false},"excerpt":{"rendered":"<p>Nein, ich bin kein neuer Alfred Dorn, der Romanheld aus Martin Walsers Die Verteidigung der Kindheit. Alfred Dorn, der die Kindheit verteidigen muss gegen Gegenwart und Zukunft. Der zu einem Fanatiker des Datums, des Faktums wird. Er will alles so bewahren, festhalten, wie es wirklich gewesen ist (Quelle: belletristik-couch.de). Aber ein Artverwandter bin ich wohl &hellip; <a href=\"https:\/\/willizblog.de\/?p=7154\" class=\"more-link\"><span class=\"screen-reader-text\">AlbinZ Familienalbum (1): Familie Wolf 1950<\/span> weiterlesen <span class=\"meta-nav\">&rarr;<\/span><\/a><\/p>\n","protected":false},"author":1,"featured_media":0,"comment_status":"open","ping_status":"open","sticky":false,"template":"","format":"standard","meta":[],"categories":[66],"tags":[],"_links":{"self":[{"href":"https:\/\/willizblog.de\/index.php?rest_route=\/wp\/v2\/posts\/7154"}],"collection":[{"href":"https:\/\/willizblog.de\/index.php?rest_route=\/wp\/v2\/posts"}],"about":[{"href":"https:\/\/willizblog.de\/index.php?rest_route=\/wp\/v2\/types\/post"}],"author":[{"embeddable":true,"href":"https:\/\/willizblog.de\/index.php?rest_route=\/wp\/v2\/users\/1"}],"replies":[{"embeddable":true,"href":"https:\/\/willizblog.de\/index.php?rest_route=%2Fwp%2Fv2%2Fcomments&post=7154"}],"version-history":[{"count":0,"href":"https:\/\/willizblog.de\/index.php?rest_route=\/wp\/v2\/posts\/7154\/revisions"}],"wp:attachment":[{"href":"https:\/\/willizblog.de\/index.php?rest_route=%2Fwp%2Fv2%2Fmedia&parent=7154"}],"wp:term":[{"taxonomy":"category","embeddable":true,"href":"https:\/\/willizblog.de\/index.php?rest_route=%2Fwp%2Fv2%2Fcategories&post=7154"},{"taxonomy":"post_tag","embeddable":true,"href":"https:\/\/willizblog.de\/index.php?rest_route=%2Fwp%2Fv2%2Ftags&post=7154"}],"curies":[{"name":"wp","href":"https:\/\/api.w.org\/{rel}","templated":true}]}}