{"id":7160,"date":"2013-04-08T09:39:10","date_gmt":"2013-04-08T08:39:10","guid":{"rendered":"http:\/\/www.willizblog.de\/?p=7160"},"modified":"2013-06-12T09:34:35","modified_gmt":"2013-06-12T08:34:35","slug":"der-baader-meinhof-komplex","status":"publish","type":"post","link":"https:\/\/willizblog.de\/?p=7160","title":{"rendered":"Der Baader-Meinhof-Komplex"},"content":{"rendered":"<p>Der Spielfilm <a href=\"https:\/\/de.wikipedia.org\/wiki\/Der_Baader_Meinhof_Komplex\" target=\"_blank\">Der Baader Meinhof Komplex<\/a> aus dem Jahr 2008 schildert Vorgeschichte und Aktionen der Terrorgruppe <a href=\"https:\/\/de.wikipedia.org\/wiki\/Rote_Armee_Fraktion\" target=\"_blank\">Rote Armee Fraktion (RAF)<\/a> von 1967 bis zum <a href=\"https:\/\/www.willizblog.de\/?p=956\" target=\"_blank\">\u201eDeutschen Herbst\u201c<\/a> 1977. Das von Produzent Bernd Eichinger verfasste Drehbuch folgt weitgehend dem <a href=\"https:\/\/de.wikipedia.org\/wiki\/Der_Baader-Meinhof-Komplex\" target=\"_blank\">gleichnamigen Sachbuch<\/a> von <a href=\"https:\/\/de.wikipedia.org\/wiki\/Stefan_Aust\" target=\"_blank\">Stefan Aust<\/a> (erstmals erschienen Ende 1985). Unter der Regie von Uli Edel spielten in dem Film \u2013 auch in Nebenrollen \u2013 einige der bekanntesten deutschen Darsteller mit.<\/p>\n<ul><img src=\"http:\/\/ecx.images-amazon.com\/images\/I\/21FsFsKbeyL.jpg\" alt=\"Der Baader-Meinhof-Komplex \u2013 der Film\" title=\"Der Baader-Meinhof-Komplex \u2013 der Film\" \/><\/ul>\n<p>W\u00e4hrend meines Osterurlaubs habe ich mir den Film in der Kinofassung angeschaut. Sowohl Buch (u.a. von Stefan Aust) <a target=\"_blank\" href=\"https:\/\/www.amazon.de\/gp\/search?ie=UTF8&#038;camp=1638&#038;creative=6742&#038;index=books&#038;keywords=baader%20meinhof%20komplex&#038;linkCode=ur2&#038;tag=familiealbin-21\"><strong>Baader Meinhof Komplex<\/strong><\/a><img loading=\"lazy\" src=\"https:\/\/www.assoc-amazon.de\/e\/ir?t=familiealbin-21&#038;l=ur2&#038;o=3\" width=\"1\" height=\"1\" border=\"0\" alt=\"\" style=\"border:none !important; margin:0px !important;\" \/> als auch der Film als <a target=\"_blank\" href=\"https:\/\/www.amazon.de\/gp\/search?ie=UTF8&#038;camp=1638&#038;creative=6742&#038;index=dvd&#038;keywords=baader%20meinhof%20komplex&#038;linkCode=ur2&#038;tag=familiealbin-21\"><strong>DVD bzw. BluRay<\/strong><\/a><img loading=\"lazy\" src=\"https:\/\/www.assoc-amazon.de\/e\/ir?t=familiealbin-21&#038;l=ur2&#038;o=3\" width=\"1\" height=\"1\" border=\"0\" alt=\"\" style=\"border:none !important; margin:0px !important;\" \/> sind weiterhin im Handel erh\u00e4ltlich.<\/p>\n<p>\u201eBeim Staatsbesuch des Schah Mohammad Reza Pahlavi in West-Berlin kommt es zur gewaltsamen Aufl\u00f6sung einer Demonstration, bei der Kriminalobermeister <a href=\"https:\/\/de.wikipedia.org\/wiki\/Karl-Heinz_Kurras\" target=\"_blank\">Karl-Heinz Kurras<\/a> den Studenten <a href=\"https:\/\/de.wikipedia.org\/wiki\/Benno_Ohnesorg\" target=\"_blank\">Benno Ohnesorg<\/a> am 2. Juni 1967 vor der Deutschen Oper erschie\u00dft. Ohnesorgs Todestag gilt als Einschnitt in die deutsche Nachkriegsgeschichte mit weitreichenden gesellschaftspolitischen Folgen. &#8211; Studentenf\u00fchrer <a href=\"https:\/\/de.wikipedia.org\/wiki\/Rudi_Dutschke#Attentat\" target=\"_blank\">Rudi Dutschke<\/a>, Redner am Vietnam-Kongress im Audimax der TU Berlin, wird am 11. April 1968 auf offener Stra\u00dfe von einem jungen Hilfsarbeiter angeschossen und schwer verletzt. Als Reaktion folgt ein Protest gegen den Axel-Springer-Verlag, an dem auch <a href=\"https:\/\/de.wikipedia.org\/wiki\/Ulrike_Meinhof\" target=\"_blank\">Ulrike Meinhof<\/a> teilnimmt. Nach der Brandstiftung in zwei Frankfurter Kaufh\u00e4usern als Protest gegen den Vietnamkrieg werden die T\u00e4ter am n\u00e4chsten Tag festgenommen. Meinhof schreibt als Journalistin \u00fcber den Prozess und lernt dabei die angeklagten Studenten <a href=\"https:\/\/de.wikipedia.org\/wiki\/Gudrun_Ensslin\" target=\"_blank\">Gudrun Ensslin<\/a>, Thorwald Proll und <a href=\"https:\/\/de.wikipedia.org\/wiki\/Andreas_Baader\" target=\"_blank\">Andreas Baader<\/a> kennen.<\/p>\n<p><iframe loading=\"lazy\" width=\"540\" height=\"304\" src=\"https:\/\/www.youtube.com\/embed\/9pXvnAd-MrU\" frameborder=\"0\" allowfullscreen><\/iframe><br \/>\nDer Baader Meinhof Komplex (2008) Trailer <\/p>\n<p>Die Angeklagten werden zu drei Jahren Haft verurteilt, aber schon im Juni 1969 wieder entlassen, bis das Gericht \u00fcber die Revision ihrer Urteile entscheidet. Als im November 1969 ihre Revision abgelehnt wird, tauchen Andreas Baader und Gudrun Ensslin in den Untergrund ab, unter anderem in Rom. Nach Berlin zur\u00fcckgekehrt, wohnen sie zeitweise bei Meinhof. W\u00e4hrend einer Fahrzeugkontrolle wird Baader festgenommen und inhaftiert, aber einen Monat sp\u00e4ter gelingt Meinhof und Ensslin die so genannte <a href=\"https:\/\/de.wikipedia.org\/wiki\/Baader-Befreiung\" target=\"_blank\">\u201eBaader-Befreiung\u201c<\/a> in Berlin. Damit wechselt Meinhof in die Illegalit\u00e4t und l\u00e4sst ihre zwei T\u00f6chter zur\u00fcck. Die Baader-Befreiung gilt als Geburtsstunde der Rote Armee Fraktion.\u201c<\/p>\n<ul><img src=\"https:\/\/www.albinz.net\/models\/raf_logo.jpg\" alt=\"Rote Armee Fraktion (RAF)\" title=\"Rote Armee Fraktion (RAF)\" \/><\/ul>\n<p>\u201eDeutschland in den 70ern. Die radikalisierten Kinder der Nazi-Generation, angef\u00fchrt von Andreas Baader (Moritz Bleibtreu), der ehemaligen Starkolumnistin Ulrike Meinhof (Martina Gedeck) und Gudrun Ensslin (Johanna Wokalek), k\u00e4mpfen gegen das, was sie als das neue Gesicht des Faschismus begreifen: die US-amerikanische Politik in Vietnam, im Nahen Osten und in der Dritten Welt, die von f\u00fchrenden K\u00f6pfen der deutschen Politik, Justiz und Industrie unterst\u00fctzt wird. Die von Baader, Meinhof und Ensslin gegr\u00fcndete Rote Armee Fraktion hat der Bundesrepublik Deutschland den Krieg erkl\u00e4rt. Es gibt Tote und Verletzte, die Situation eskaliert, und die noch junge Demokratie wird in ihren Grundfesten ersch\u00fcttert. Der Mann, der die Taten der Terroristen zwar nicht billigt, aber dennoch zu verstehen versucht, ist auch ihr J\u00e4ger: der Leiter des Bundeskriminalamts <a href=\"https:\/\/de.wikipedia.org\/wiki\/Horst_Herold\" target=\"_blank\">Horst Herold<\/a> (<a href=\"https:\/\/de.wikipedia.org\/wiki\/Bruno_Ganz\" target=\"_blank\">Bruno Ganz<\/a>). Obwohl er gro\u00dfe Fahndungserfolge verbucht, ist er sich bewusst, dass die Polizei allein die Spirale der Gewalt nicht aufhalten kann.\u201c<\/p>\n<p>Das Buch von Stefan Aust gilt inzwischen als Standardwerk \u00fcber die RAF und behandelt die fr\u00fche Geschichte der Rote Armee Fraktion (RAF) unter der F\u00fchrung von Andreas Baader, Gudrun Ensslin und Ulrike Meinhof. Einer Verfilmung waren von Anfang an Grenzen gesetzt. So verzichtete das Drehbuch auf identifikatorische Figuren und einen durchgehenden Handlungsbogen. Zudem musste man einen solchen Stoff radikal verdichten. Am Ende kam ein Film heraus, der ganz offensichtlich vor allem f\u00fcr jene gemacht wurde, die die RAF nur vom H\u00f6rensagen kennen, die ganz gern mal wissen wollten,  was es mit diesen Radikalen aus den Siebzigern auf sich hat, die beinahe im Alleingang den Rechtsstaat an seine Grenzen gebracht hatten.<\/p>\n<p>Wer hier nach neuen Erkenntnissen sucht oder sogar einen Diskurs einfordert, der ist fehl am Platze. Der Film erz\u00e4hlt im Wesentlichen aus der Perspektive der Terroristen. So gab es nat\u00fcrlich Klagen, da man die Opfer nicht ausreichend gew\u00fcrdigt oder den Gegenspieler der RAF, also die Bundesregierung, nur unzureichend ins Bild ger\u00fcckt habe. Aber darum geht es im Film nun einmal nicht. Es ist in erster Linie ein Art Geschichtsfilm, dramaturgisch aufbereitet, der gleichzeitig unterhalten und aufkl\u00e4ren will. <a href=\"https:\/\/de.wikipedia.org\/wiki\/Moritz_Bleibtreu\" target=\"_blank\">Moritz Bleibtreu<\/a> spielt Andreas Baader als testosterongesteuertes Alpha-M\u00e4nnchen. <a href=\"https:\/\/de.wikipedia.org\/wiki\/Johanna_Wokalek\" target=\"_blank\">Johanna Wokalek<\/a> oder <a href=\"https:\/\/de.wikipedia.org\/wiki\/Nadja_Uhl\" target=\"_blank\">Nadja Uhl<\/a> als Gudrun Ensslin und Brigitte Mohnhaupt werden als Todesengel im Minirock inszeniert. Trotzdem bietet der Film einen ungew\u00f6hnlichen Einblick in die Zeit der siebziger Jahre und der damaligen Ereignisse. Das gilt sowohl f\u00fcr mich, der vieles als Zeitzeuge miterlebt hat und sich dieses durch den Film ins Ged\u00e4chtnis zur\u00fcckholen kann, besonders aber f\u00fcr die nachgewachsene Generation unserer Kinder.<\/p>\n<p>Sicherlich w\u00e4re es interessant gewesen, wenn dem Film Bez\u00fcge zum Hier und Jetzt gelungen w\u00e4re. Wie schreibt G\u00fcnter Grass in seinem Buch <a href=\"https:\/\/www.willizblog.de\/?p=7065\" target=\"_blank\">Grimms W\u00f6rter<\/a>: <em>Mich treibt Zorn an, der sich an westlichen<\/em> Colonialherren <em>reibt, die als Sieger des Kalten Krieges meinen, hemmungslos zugreifen, fortan auf Pump leben zu d\u00fcrfen und nun, nach dem Triumph des Kapitalismus \u00fcber den Kommunismus, beginnen, ihresgleichen zu zerst\u00f6ren, weil ihnen der Feind fehlt.<\/em> &#8211; Die RAF hat nach meiner Meinung ebenso wie die \u201akommunistische Gefahr\u2019  dazu beigetragen, den Verantwortlichen in unserer Republik (Politik, Justiz, Wirtschaft), ihre \u201apers\u00f6nlichen\u2019 Grenzen aufzuzeigen. Der habgierige Wirtschaftsmagnat wurde in seinen Tun dadurch beschr\u00e4nkt, weil er f\u00fcrchten musste, sonst in die Schusslinie der RAF-Terroristen zu gelangen. Nat\u00fcrlich will ich kein Klima der Angst sch\u00fcren. Aber es w\u00e4re besser, wenn \u201adie Oberen\u2019 immer so etwas wie einen \u201anat\u00fcrlichen\u2019 Feind h\u00e4tten, zumindest einen au\u00dfenstehenden Kontrolleur, der ihnen auf die Finger schaut.<\/p>\n<p><strong>Nachbetrachtung:<\/strong> Verbindung der RAF zur DDR<\/p>\n<p>Am 2. Juni 1967 schoss der damalige Kriminalobermeister <a href=\"https:\/\/de.wikipedia.org\/wiki\/Karl-Heinz_Kurras\" target=\"_blank\">Kurras<\/a> bei einem Polizeieinsatz gegen Demonstranten in West-Berlin den FU-Studenten Benno Ohnesorg mit seiner Dienstwaffe in den Hinterkopf, woran dieser starb. Der Tod Ohnesorgs f\u00fchrte zur Radikalisierung von Studenten und damit auch zur Gr\u00fcndung der RAF. Erw\u00e4hnenswert ist dabei, dass Kurras von 1955 bis mindestens 1967 auch Inoffizieller Mitarbeiter (IM) des Ministeriums f\u00fcr Staatssicherheit (MfS) der DDR war. Kurras&#8216; im Mai 2009 bekannt gewordene IM-T\u00e4tigkeit l\u00f6ste neue staatsanwaltliche Ermittlungen zu seinem Todesschuss und eine neue Debatte \u00fcber dessen Ursachen und Folgen aus. Es fanden sich allerdings keine Anhaltspunkte f\u00fcr einen Mordauftrag des MfS.<\/p>\n<p>Mitglieder der zweiten Generation der RAF erfuhren organisatorische und finanzielle Hilfe aus der DDR. Die \u201eStasi\u201c bot eine Art Waffenbr\u00fcderschaft an. Man bildete RAF-Mitglieder in Camps aus, wo man ihnen das Schie\u00dfen mit Gewehr und Raketenwerfer beibrachte. Diese Ausbildung war guerillam\u00e4\u00dfig und sehr gut organisiert. Die dort erlernten F\u00e4higkeiten konnten sie dann f\u00fcr Anschl\u00e4ge usw. verwenden (Quelle: <a href=\"http:\/\/www.rafinfo.de\/faq\/geschichte\/beziehung_raf_und_ddr.1087.php\" target=\"_blank\">rafinfo.org<\/a>). Zehn sogenannte <a href=\"https:\/\/de.wikipedia.org\/wiki\/RAF-Aussteiger\" target=\"_blank\">RAF-Aussteiger<\/a> tauchten mit Hilfe der Staatssicherheit in der DDR unter. Noch vor der Wiedervereinigung wurden sie im Juni 1990 enttarnt, festgenommen und an die Bundesrepublik ausgeliefert. \u2013 siehe hierzu auch: <a href=\"http:\/\/www.spiegel.de\/spiegel\/print\/d-13500873.html\" target=\"_blank\">spiegel.de<\/a><\/p>\n<p>Erw\u00e4hnenswert ist auch <a href=\"https:\/\/de.wikipedia.org\/wiki\/Horst_Mahler\" target=\"_blank\">Horst Mahler<\/a>, der im Film nur kurz abgehandelt wird. Er vertrat als Rechtsanwalt u.a. Andreas Baader und Gudrun Ensslin und gilt selbst als Gr\u00fcndungsmitglied der RAF. 1975 sagte sich Mahler vom Terrorismus los und erreichte 1988 seine Wiederzulassung als Anwalt. Dann erfolgte eine au\u00dfergew\u00f6hnliche Kehrtwendung: Ab etwa 1997 wandte er sich dem Rechtsextremismus zu und vertrat 2002 die Nationaldemokratische Partei Deutschlands (NPD) im NPD-Verbotsverfahren. Wegen verschiedener Delikte, darunter verfassungswidrige Bet\u00e4tigung, Holocaustleugnung, Mord- und Gewaltandrohungen, antisemitische und neonazistische \u00c4u\u00dferungen wurde er zu mehreren Geld- und Freiheitsstrafen verurteilt. Ein vorl\u00e4ufiges Berufsverbot von 2004 wurde 2009 mit dem Entzug seiner anwaltlichen Zulassung best\u00e4tigt.<\/p>\n","protected":false},"excerpt":{"rendered":"<p>Der Spielfilm Der Baader Meinhof Komplex aus dem Jahr 2008 schildert Vorgeschichte und Aktionen der Terrorgruppe Rote Armee Fraktion (RAF) von 1967 bis zum \u201eDeutschen Herbst\u201c 1977. Das von Produzent Bernd Eichinger verfasste Drehbuch folgt weitgehend dem gleichnamigen Sachbuch von Stefan Aust (erstmals erschienen Ende 1985). Unter der Regie von Uli Edel spielten in dem &hellip; <a href=\"https:\/\/willizblog.de\/?p=7160\" class=\"more-link\"><span class=\"screen-reader-text\">Der Baader-Meinhof-Komplex<\/span> weiterlesen <span class=\"meta-nav\">&rarr;<\/span><\/a><\/p>\n","protected":false},"author":1,"featured_media":0,"comment_status":"open","ping_status":"open","sticky":false,"template":"","format":"standard","meta":[],"categories":[13,3,12],"tags":[],"_links":{"self":[{"href":"https:\/\/willizblog.de\/index.php?rest_route=\/wp\/v2\/posts\/7160"}],"collection":[{"href":"https:\/\/willizblog.de\/index.php?rest_route=\/wp\/v2\/posts"}],"about":[{"href":"https:\/\/willizblog.de\/index.php?rest_route=\/wp\/v2\/types\/post"}],"author":[{"embeddable":true,"href":"https:\/\/willizblog.de\/index.php?rest_route=\/wp\/v2\/users\/1"}],"replies":[{"embeddable":true,"href":"https:\/\/willizblog.de\/index.php?rest_route=%2Fwp%2Fv2%2Fcomments&post=7160"}],"version-history":[{"count":0,"href":"https:\/\/willizblog.de\/index.php?rest_route=\/wp\/v2\/posts\/7160\/revisions"}],"wp:attachment":[{"href":"https:\/\/willizblog.de\/index.php?rest_route=%2Fwp%2Fv2%2Fmedia&parent=7160"}],"wp:term":[{"taxonomy":"category","embeddable":true,"href":"https:\/\/willizblog.de\/index.php?rest_route=%2Fwp%2Fv2%2Fcategories&post=7160"},{"taxonomy":"post_tag","embeddable":true,"href":"https:\/\/willizblog.de\/index.php?rest_route=%2Fwp%2Fv2%2Ftags&post=7160"}],"curies":[{"name":"wp","href":"https:\/\/api.w.org\/{rel}","templated":true}]}}