{"id":7170,"date":"2013-04-10T07:32:23","date_gmt":"2013-04-10T06:32:23","guid":{"rendered":"http:\/\/www.willizblog.de\/?p=7170"},"modified":"2013-04-09T12:35:29","modified_gmt":"2013-04-09T11:35:29","slug":"wie-war-doch-gleich-der-name-dialoge-1-der-zitatensammler","status":"publish","type":"post","link":"https:\/\/willizblog.de\/?p=7170","title":{"rendered":"Wie war doch gleich der Name? | Dialoge (1) | Der Zitatensammler"},"content":{"rendered":"<p>\u201eWie war doch gleich der Name?\u201c<br \/>\n\u201eIch habe keinen Namen genannt, weder den meinen, noch irgendeinen anderen.\u201c<br \/>\n\u201eIch dachte &#8230;\u201c<br \/>\n\u201eDenken, so sagt man, ist Gl\u00fcckssache! Au\u00dferdem sollte man, so sagt man auch, das Denken den Pferden \u00fcberlassen. Die haben gr\u00f6\u00dfere K\u00f6pfe!\u201c<br \/>\n\u201eSie meinen Elefanten!\u201c<br \/>\n\u201eIch sagte Pferde. Elefanten gibt es bei uns nur im Zoo. Vielleicht gilt das f\u00fcr Indien oder die Serengeti. Aber eigentlich passt Elefant und Denken nicht. Elefanten haben etwas mit Erinnern zu tun. Sie wissen doch: Elefanten vergessen nicht!\u201c<br \/>\n\u201e&#8230; und haben Angst vor M\u00e4usen!\u201c<br \/>\n\u201eWollen Sie meinen Job \u00fcbernehmen, oder was?\u201c<br \/>\n\u201eIch verstehe nicht &#8230;\u201c<br \/>\n\u201eIch bin wie ein dritter Bruder der Grimms. Sie kennen doch die <a href=\"https:\/\/de.wikipedia.org\/wiki\/Br%C3%BCder_Grimm\" target=\"_blank\">Br\u00fcder Grimm<\/a>, Jacob und Wilhelm? Eigentlich w\u00e4re die Vier passender, denn da gab es noch den <a href=\"https:\/\/de.wikipedia.org\/wiki\/Ludwig_Emil_Grimm\" target=\"_blank\">Ludwig<\/a>, bekannt als Maler und Radierer. Bleiben wir aber bei drei.\u201c<\/p>\n<p><img src=\"https:\/\/www.willizblog.de\/images\/wie_war_doch_gleich_der_name.jpg\" alt=\"Wie war doch gleich der Name? | Dialoge\" title=\"Wie war doch gleich der Name? | Dialoge\" \/><\/p>\n<p>\u201eIch verstehe immer noch nicht!\u201c<br \/>\n\u201eGanz einfach, wie die Grimms M\u00e4rchen und W\u00f6rter gesammelt haben, so sammle ich Zitate: Denken ist Gl\u00fcckssache! Das Denken soll man den Pferden \u00fcberlassen, die haben den gr\u00f6\u00dferen Kopf. \u2013 Verstehen Sie jetzt?\u201c<br \/>\n\u201eIhr Name ist also Grimm?!\u201c<\/p>\n","protected":false},"excerpt":{"rendered":"<p>\u201eWie war doch gleich der Name?\u201c \u201eIch habe keinen Namen genannt, weder den meinen, noch irgendeinen anderen.\u201c \u201eIch dachte &#8230;\u201c \u201eDenken, so sagt man, ist Gl\u00fcckssache! Au\u00dferdem sollte man, so sagt man auch, das Denken den Pferden \u00fcberlassen. Die haben gr\u00f6\u00dfere K\u00f6pfe!\u201c \u201eSie meinen Elefanten!\u201c \u201eIch sagte Pferde. Elefanten gibt es bei uns nur im &hellip; <a href=\"https:\/\/willizblog.de\/?p=7170\" class=\"more-link\"><span class=\"screen-reader-text\">Wie war doch gleich der Name? | Dialoge (1) | Der Zitatensammler<\/span> weiterlesen <span class=\"meta-nav\">&rarr;<\/span><\/a><\/p>\n","protected":false},"author":1,"featured_media":0,"comment_status":"open","ping_status":"open","sticky":false,"template":"","format":"standard","meta":[],"categories":[30],"tags":[],"_links":{"self":[{"href":"https:\/\/willizblog.de\/index.php?rest_route=\/wp\/v2\/posts\/7170"}],"collection":[{"href":"https:\/\/willizblog.de\/index.php?rest_route=\/wp\/v2\/posts"}],"about":[{"href":"https:\/\/willizblog.de\/index.php?rest_route=\/wp\/v2\/types\/post"}],"author":[{"embeddable":true,"href":"https:\/\/willizblog.de\/index.php?rest_route=\/wp\/v2\/users\/1"}],"replies":[{"embeddable":true,"href":"https:\/\/willizblog.de\/index.php?rest_route=%2Fwp%2Fv2%2Fcomments&post=7170"}],"version-history":[{"count":0,"href":"https:\/\/willizblog.de\/index.php?rest_route=\/wp\/v2\/posts\/7170\/revisions"}],"wp:attachment":[{"href":"https:\/\/willizblog.de\/index.php?rest_route=%2Fwp%2Fv2%2Fmedia&parent=7170"}],"wp:term":[{"taxonomy":"category","embeddable":true,"href":"https:\/\/willizblog.de\/index.php?rest_route=%2Fwp%2Fv2%2Fcategories&post=7170"},{"taxonomy":"post_tag","embeddable":true,"href":"https:\/\/willizblog.de\/index.php?rest_route=%2Fwp%2Fv2%2Ftags&post=7170"}],"curies":[{"name":"wp","href":"https:\/\/api.w.org\/{rel}","templated":true}]}}