{"id":7198,"date":"2013-04-16T06:58:44","date_gmt":"2013-04-16T05:58:44","guid":{"rendered":"http:\/\/www.willizblog.de\/?p=7198"},"modified":"2013-04-16T06:58:44","modified_gmt":"2013-04-16T05:58:44","slug":"ein-scheibchen-vom-grosen-kuchen","status":"publish","type":"post","link":"https:\/\/willizblog.de\/?p=7198","title":{"rendered":"Ein Scheibchen vom gro\u00dfen Kuchen"},"content":{"rendered":"<p>Wenn sie k\u00f6nnten, dann w\u00fcrden sich die Verantwortlichen beim SV Werder Bremen gern ein Scheibchen vom gro\u00dfen Kuchen abschneiden, den die Bayern diese Saison backen. Schon f\u00fcnf Spieltage vor Ende der Fu\u00dfball-Bundesliga-Saison eilt der FC Bayern M\u00fcnchen von einer Rekordmarke zur anderen. L\u00e4ngst schon sind die M\u00fcnchner deutscher Meister \u2013 und haben mit DFB-Pokal (heute Abend im Halbfinale gegen den VfL Wolfsburg) und Champions League noch zwei weitere hei\u00dfen Eisen im Feuer, wenn es im Halbfinale in der Champions League mit den FC Barcelona auch nichts mit dem gew\u00fcnschten Gegner, n\u00e4mlich Borussia Dortmund, wurde. Aber wer am 25. Mai 2013 im Londoner Wembley-Stadion am Ende die Nase vorn haben will, der muss alle anderen Mannschaften schlagen k\u00f6nnen. K\u00f6nnen, das sollten die Bayern.<\/p>\n<p>Mehr k\u00f6nnen als bisher geleistet, dass gilt f\u00fcr Werder Bremen. Statt Kuchen trocken Brot. Es ist schon komisch, wenn man wie letzten Sonntag die Meldung zum Spiel des FC Augsburg im Radio oder am PC verfolgt, nur um zu horchen, ob die Bayerisch-Schwaben vielleicht den Bremern wieder n\u00e4her auf den Pelz r\u00fccken. Und sie r\u00fccken. Der Fastabsteiger rappelt sich noch einmal auf und kommt dem rettenden 15. Tabellenplatz immer n\u00e4her. Werder steht weiterhin auf Platz 14, also dicht vor dem Abgrund. Nach acht Spielen ohne Sieg (und lediglich vier P\u00fcnktchen von 24) geht es am kommenden Wochenende gegen Wolfsburg weiterhin nur noch gegen den Abstieg.<\/p>\n<p><img src=\"https:\/\/www.willizblog.de\/blogpicts\/werder_sinking_ship.jpg\" alt=\"Werder Bremen: ein sinkendes Schiff?\" title=\"Werder Bremen: ein sinkendes Schiff?\" \/><\/p>\n<p>Ich will hier keine Prognosen wagen (im Falle von Werder Bremen w\u00e4re das \u00e4u\u00dferst gewagt), aber noch kann ich mir nicht vorstellen, dass die Bremer in die 2. Liga absteigen (wenigstens nicht diese Jahr). Aber das konnten sich die Hoffenheimer am Anfang der Saison auch nicht. So darf man jetzt schon einen Blick auf die n\u00e4chste Saison werfen. Und wie schon vor vier Wochen aufgef\u00fchrt (<a href=\"https:\/\/www.willizblog.de\/?p=7072\" target=\"_blank\">Alles auf Null?<\/a>) sieht die Zukunft nicht gerade rosig f\u00fcr die Bremer aus. Diese kann nur darin bestehen, den eigenen Nachwuchs an die 1. Mannschaft heranzuf\u00fchren. Dass dann wiederum ein weiteres Jahr im unteren Drittel der Tabelle herausspringt, ist jetzt schon klar.<\/p>\n<p>Ich habe noch einmal hier und da geguckt, um die eine oder andere Ursache f\u00fcr das Absacken von Werder herauszufinden. Ich kann mir nicht helfen: Aber es ist zu einem gro\u00dfen Teil die fehlgeschlagene Personalpolitik (ich wei\u00df, ich wiederhole mich). Ein (neues) Beispiel ist <a href=\"http:\/\/www.transfermarkt.de\/de\/max-kruse\/aufeinenblick\/spieler_36182.html\" target=\"_blank\">Max Kruse<\/a>, der bei Werder nichts wurde und jetzt beim FC Freiburg zu einem wichtigen Leistungstr\u00e4ger (10 Tore, 7 Vorlagen) geworden ist. Und Freiburg ist nicht irgendwer, sondern mischt weiterhin ganz oben in der Tabelle mit. Heute w\u00fcrde man sich in Bremen die Finger nach ihm lecken &#8230;<\/p>\n<p>Nichts gegen Mehmet Ekici. Aber bedenkt man, dass Dortmund 2011 nicht viel mehr Geld an den 1. FC N\u00fcrnberg f\u00fcr Ilkay G\u00fcndogan \u00fcberwiesen hat als Werder f\u00fcr Ekici \u2013 und man heute sieht, was der eine leistet und der andere nicht, dann kann man schon ins Gr\u00fcbeln kommen. Und da ist noch ein Eljero Elia (ja, schon wieder der), der bis 2016 einen Vertrag mit Werder hat und dessen Leistungen weiterhin eher bescheiden sind.<\/p>\n<p>Auch nichts gegen Klaus Allofs. Aber als ehemaliger Hauptverantwortlicher in Sachen Personalpolitik hatte er in seiner letzten Zeit bei Werder nicht mehr das gl\u00fcckliche H\u00e4ndchen  wie fr\u00fcher (z.B. Diego, \u00d6zil). Der neue Sportdirektor, Thomas Eichin, wird angesichts leerer Kassen kaum etwas bewegen k\u00f6nnen. Er wird h\u00f6chstens verkaufen k\u00f6nnen: Neben Elia gilt auch Marko Arnautovic (nach anf\u00e4nglich guten Leistungen gl\u00e4nzt er zz. wieder nur durch M\u00e4\u00dfigkeit) als Verkaufskandidat. Im \u00dcbrigen will <a href=\"http:\/\/www.sport1.de\/de\/fussball\/fussball_bundesliga\/artikel_703194.html\" target=\"_blank\">Eichin bei Transfers<\/a> k\u00fcnftig nicht nur auf das Talent achten: <em>\u201eBei der Verpflichtung von Spielern lege ich gro\u00dfen Wert auf Charaktereigenschaften wie Teamgeist und bedingungslosen Siegeswillen.\u201c<\/em> Dann erspart man sich vielleicht solche Luschen wie die zuvor Genannten.<\/p>\n<p>Nun die Saison geht in die letzten Runden. Werder-Fans werden froh sein, wenn sie endlich den gro\u00dfen Haken hinter dieser Saison setzen k\u00f6nnen. Bei den Bayern sieht das ganz anders aus (da k\u00f6nnte man wirklich neidisch werden): Die H\u00f6hepunkte stehen denen noch bevor, so ein erster n\u00e4chste Woche am Dienstag im Halbfinalspiel gegen den FC Barcelona.<\/p>\n<p><strong>P.S.<\/strong> Nein, nichts zu den fr\u00fchen Gegentoren, die Werder immer noch kassiert (Sind die bl\u00f6d?!) &#8230;<\/p>\n","protected":false},"excerpt":{"rendered":"<p>Wenn sie k\u00f6nnten, dann w\u00fcrden sich die Verantwortlichen beim SV Werder Bremen gern ein Scheibchen vom gro\u00dfen Kuchen abschneiden, den die Bayern diese Saison backen. Schon f\u00fcnf Spieltage vor Ende der Fu\u00dfball-Bundesliga-Saison eilt der FC Bayern M\u00fcnchen von einer Rekordmarke zur anderen. L\u00e4ngst schon sind die M\u00fcnchner deutscher Meister \u2013 und haben mit DFB-Pokal (heute &hellip; <a href=\"https:\/\/willizblog.de\/?p=7198\" class=\"more-link\"><span class=\"screen-reader-text\">Ein Scheibchen vom gro\u00dfen Kuchen<\/span> weiterlesen <span class=\"meta-nav\">&rarr;<\/span><\/a><\/p>\n","protected":false},"author":1,"featured_media":0,"comment_status":"open","ping_status":"open","sticky":false,"template":"","format":"standard","meta":[],"categories":[27],"tags":[],"_links":{"self":[{"href":"https:\/\/willizblog.de\/index.php?rest_route=\/wp\/v2\/posts\/7198"}],"collection":[{"href":"https:\/\/willizblog.de\/index.php?rest_route=\/wp\/v2\/posts"}],"about":[{"href":"https:\/\/willizblog.de\/index.php?rest_route=\/wp\/v2\/types\/post"}],"author":[{"embeddable":true,"href":"https:\/\/willizblog.de\/index.php?rest_route=\/wp\/v2\/users\/1"}],"replies":[{"embeddable":true,"href":"https:\/\/willizblog.de\/index.php?rest_route=%2Fwp%2Fv2%2Fcomments&post=7198"}],"version-history":[{"count":0,"href":"https:\/\/willizblog.de\/index.php?rest_route=\/wp\/v2\/posts\/7198\/revisions"}],"wp:attachment":[{"href":"https:\/\/willizblog.de\/index.php?rest_route=%2Fwp%2Fv2%2Fmedia&parent=7198"}],"wp:term":[{"taxonomy":"category","embeddable":true,"href":"https:\/\/willizblog.de\/index.php?rest_route=%2Fwp%2Fv2%2Fcategories&post=7198"},{"taxonomy":"post_tag","embeddable":true,"href":"https:\/\/willizblog.de\/index.php?rest_route=%2Fwp%2Fv2%2Ftags&post=7198"}],"curies":[{"name":"wp","href":"https:\/\/api.w.org\/{rel}","templated":true}]}}