{"id":7240,"date":"2013-04-25T09:07:24","date_gmt":"2013-04-25T08:07:24","guid":{"rendered":"http:\/\/www.willizblog.de\/?p=7240"},"modified":"2013-04-25T09:08:13","modified_gmt":"2013-04-25T08:08:13","slug":"teddybar-total-%e2%80%93-internationaler-teddy-treff-in-munster","status":"publish","type":"post","link":"https:\/\/willizblog.de\/?p=7240","title":{"rendered":"Teddyb\u00e4r Total \u2013 Internationaler Teddy-Treff in M\u00fcnster"},"content":{"rendered":"<p>Am Wochenende (27. \u2013 28. April 2013) findet in M\u00fcnster (Messehalle S\u00fcd des Messe- und Congress Centrum Halle M\u00fcnsterland &#8211; Albersloher Weg 32 &#8211; 48155 M\u00fcnster) bereits zum 19. Mal der internationale Teddy-Treff <a href=\"http:\/\/teddybaer-total.de\/\" target=\"_blank\"><strong>TEDDYB\u00c4R TOTAL<\/strong><\/a> statt.<\/p>\n<p>Die TEDDYB\u00c4R TOTAL ist der internationale Teddy-Treff. Im Rahmen der Messe treffen sich seit 1994 einmal j\u00e4hrlich K\u00fcnstler, Sammler und Interessierte aus aller Welt. \u00dcber 250 Aussteller aus mehr als 20 Nationen bieten ihre Produkte an, Besucher finden alles von Zubeh\u00f6r \u00fcber g\u00fcnstige Schn\u00e4ppchen bis hin zu hochklassigen B\u00e4ren f\u00fcr Profi-Sammler.<\/p>\n<p><img src=\"https:\/\/www.willizblog.de\/images\/teddybaer_total.jpg\" alt=\"Teddyb\u00e4r Total \u2013 Internationaler Teddy-Treff in M\u00fcnster\" title=\"Teddyb\u00e4r Total \u2013 Internationaler Teddy-Treff in M\u00fcnster\" \/><\/p>\n<p><strong>\u00d6ffnungszeiten<\/strong><br \/>\nSamstag, 27. April 2013, 10.00 bis 18.00 Uhr<br \/>\nSonntag, 28. April 2013, 11.00 bis 16.00 Uhr<\/p>\n<p><strong>Eintrittspreise<\/strong><br \/>\nTagesticket: 8,00 Euro (im Vorverkauf 10,00 Euro inkl. Porto)<br \/>\nDauerkarte: 14,00 Euro (im Vorverkauf 16,00 Euro inkl. Porto)<br \/>\nKinder und Jugendliche bis 16 Jahre: Eintritt frei<\/p>\n<p>einige weitere Links:<br \/>\n<a href=\"http:\/\/teddys-kreativ.de\/\" target=\"_blank\">Teddys Kreativ \u2013 Antik &#038; Aktuell<\/a> (Partner-Magazin der Teddyb\u00e4r Total)<br \/>\n<a href=\"http:\/\/www.nicy.de\/\" target=\"_blank\">nicy &#8211; Der Teddy-Hermann-Versand<\/a> (dort kaufen wir ein)<br \/>\n<a href=\"http:\/\/www.nicy.de\/sammlerclubfuermail.htm\" target=\"_blank\">Der Teddy-Hermann-Sammlerclub<\/a><\/p>\n","protected":false},"excerpt":{"rendered":"<p>Am Wochenende (27. \u2013 28. April 2013) findet in M\u00fcnster (Messehalle S\u00fcd des Messe- und Congress Centrum Halle M\u00fcnsterland &#8211; Albersloher Weg 32 &#8211; 48155 M\u00fcnster) bereits zum 19. Mal der internationale Teddy-Treff TEDDYB\u00c4R TOTAL statt. Die TEDDYB\u00c4R TOTAL ist der internationale Teddy-Treff. Im Rahmen der Messe treffen sich seit 1994 einmal j\u00e4hrlich K\u00fcnstler, Sammler &hellip; <a href=\"https:\/\/willizblog.de\/?p=7240\" class=\"more-link\"><span class=\"screen-reader-text\">Teddyb\u00e4r Total \u2013 Internationaler Teddy-Treff in M\u00fcnster<\/span> weiterlesen <span class=\"meta-nav\">&rarr;<\/span><\/a><\/p>\n","protected":false},"author":1,"featured_media":0,"comment_status":"open","ping_status":"open","sticky":false,"template":"","format":"standard","meta":[],"categories":[45],"tags":[],"_links":{"self":[{"href":"https:\/\/willizblog.de\/index.php?rest_route=\/wp\/v2\/posts\/7240"}],"collection":[{"href":"https:\/\/willizblog.de\/index.php?rest_route=\/wp\/v2\/posts"}],"about":[{"href":"https:\/\/willizblog.de\/index.php?rest_route=\/wp\/v2\/types\/post"}],"author":[{"embeddable":true,"href":"https:\/\/willizblog.de\/index.php?rest_route=\/wp\/v2\/users\/1"}],"replies":[{"embeddable":true,"href":"https:\/\/willizblog.de\/index.php?rest_route=%2Fwp%2Fv2%2Fcomments&post=7240"}],"version-history":[{"count":0,"href":"https:\/\/willizblog.de\/index.php?rest_route=\/wp\/v2\/posts\/7240\/revisions"}],"wp:attachment":[{"href":"https:\/\/willizblog.de\/index.php?rest_route=%2Fwp%2Fv2%2Fmedia&parent=7240"}],"wp:term":[{"taxonomy":"category","embeddable":true,"href":"https:\/\/willizblog.de\/index.php?rest_route=%2Fwp%2Fv2%2Fcategories&post=7240"},{"taxonomy":"post_tag","embeddable":true,"href":"https:\/\/willizblog.de\/index.php?rest_route=%2Fwp%2Fv2%2Ftags&post=7240"}],"curies":[{"name":"wp","href":"https:\/\/api.w.org\/{rel}","templated":true}]}}