{"id":7244,"date":"2013-04-26T08:46:03","date_gmt":"2013-04-26T07:46:03","guid":{"rendered":"http:\/\/www.willizblog.de\/?p=7244"},"modified":"2013-04-26T08:50:18","modified_gmt":"2013-04-26T07:50:18","slug":"endlich-unverschlusselt-privatsender-bei-kabel-deutschland","status":"publish","type":"post","link":"https:\/\/willizblog.de\/?p=7244","title":{"rendered":"Endlich unverschl\u00fcsselt: Privatsender bei Kabel Deutschland"},"content":{"rendered":"<p>Seit vielen Jahren bin ich Kunde bei <a href=\"http:\/\/www.kabeldeutschland.de\/\" target=\"_blank\">Kabel Deutschland<\/a> und habe einen normalen (d.h. alten, damals auf analoges Fernsehen ausgerichteten) Kabelanschluss \u2013 ohne weiteren Schnickschnack. Es hat etwas gedauert, bis auch endlich die \u00d6ffentlich-rechtlichen Sender digital unverschl\u00fcsselt zu empfangen waren (siehe meinen Beitrag <a href=\"https:\/\/www.willizblog.de\/?p=2079\" target=\"_blank\">Digitales Fernsehen \u2013 Kabelanschluss<\/a>). Die Privatsender dagegen waren bisher weiter verschl\u00fcsselt (so genannte Grundverschl\u00fcsselung) und h\u00e4tten nur mit einem Zusatzvertrag (einschl. Smartcard bzw. entsprechenden Digital-Receiver) unverschl\u00fcsselt empfangen werden k\u00f6nnen.<\/p>\n<ul><img src=\"https:\/\/www.willizblog.de\/blogpicts\/kabel_deutschland.jpg\" alt=\"Kabel Deutschland\" title=\"Kabel Deutschland\" \/><\/ul>\n<p>Seit dem 3. April werden nun auch die folgenden <a href=\"http:\/\/helpdesk.kdgforum.de\/sendb\/belegung-181.html\" target=\"_blank\">Sender digital unverschl\u00fcsselt<\/a> eingespeist &#8211; <a href=\"http:\/\/www.kdgforum.de\/viewtopic.php?f=5&#038;t=26319\" target=\"_blank\">dem Kartellamt sei Dank<\/a>: <strong>RTL, RTL 2, Super RTL, VOX, n-tv, RTL NITRO, PRO 7, SAT.1, kabel 1<\/strong> und <strong>SPORT1<\/strong> (das bezieht sich auf das <strong>Netz Rosengarten<\/strong> &#8211; Versorgungsgebiet: <em>Apensen, Beckdorf, Bendestorf, Bliedersdorf, Buchholz in der Nordheide, Buxtehude, Dollern, Handeloh, Hanstedt in der Nordheide (Weihe), Harmstorf, Horneburg, Jesteburg, Jork, Neu Wulmstorf, Neuenkirchen im Alten Land, Nottensdorf, Otter, Rosengarten, Seevetal, <strong>Tostedt<\/strong>, Wistedt<\/em>)<\/p>\n<p>Und ab 3. Mai werden voraussichtlich folgende Programme ebenfalls unverschl\u00fcsselt zu empfangen sein: <strong>1-2-3.tv, Anixe, Bibel TV, Channel 21, DMAX, HSE24, Juwelo TV, N24, Nickelodeon \/ Comedy Central, QVC, Servus TV, Tele 5<\/strong> und <strong>VIVA<\/strong>.<\/p>\n<p><em>\u00dcbrigens:<\/em> Fast jede Woche werde ich mit Werbung von Kabel Deutschland eingedeckt (es geht meist um die Vermarktung von Internet- und Telefon-Anschluss \u00fcbers Kabel), aber zu einer Mitteilung, dass jetzt die privaten Sender unverschl\u00fcsselt digital zu empfangen sind, reichte es bisher nicht.<\/p>\n<p>Inzwischen hat sich auch die Marktstrategie von Kabel Deutschland entsprechend ge\u00e4ndert. Wer bereits einen Kabelanschluss hat, kann jetzt mit Zusatzvertrag und \u2013kosten auf HD-Qualit\u00e4t umsteigen (Kabel Digital HD \u2013 Kabel Premium HD usw.). Wer neu ist, der bekommt gleich einen Kabelanschluss HD (der kosten dann 18,90 \u20ac statt 16,90 \u20ac), der allerdings weiterhin auch analoges Fernsehen beinhaltet.<\/p>\n<p>Da jetzt auch die (meisten) Privatsender digital unverschl\u00fcsselt \u00fcber Kabel zu empfangen sind, riecht das nat\u00fcrlich danach, dass die Versorgung mit analogen TV-Sendern in n\u00e4chster Zukunft eingestellt werden k\u00f6nnte. Ein Termin liegt aber weiterhin nicht vor. \u00dcber Antenne und Satellit gibt es ja schon lange kein analoges Signal mehr.<\/p>\n","protected":false},"excerpt":{"rendered":"<p>Seit vielen Jahren bin ich Kunde bei Kabel Deutschland und habe einen normalen (d.h. alten, damals auf analoges Fernsehen ausgerichteten) Kabelanschluss \u2013 ohne weiteren Schnickschnack. Es hat etwas gedauert, bis auch endlich die \u00d6ffentlich-rechtlichen Sender digital unverschl\u00fcsselt zu empfangen waren (siehe meinen Beitrag Digitales Fernsehen \u2013 Kabelanschluss). Die Privatsender dagegen waren bisher weiter verschl\u00fcsselt (so &hellip; <a href=\"https:\/\/willizblog.de\/?p=7244\" class=\"more-link\"><span class=\"screen-reader-text\">Endlich unverschl\u00fcsselt: Privatsender bei Kabel Deutschland<\/span> weiterlesen <span class=\"meta-nav\">&rarr;<\/span><\/a><\/p>\n","protected":false},"author":1,"featured_media":0,"comment_status":"open","ping_status":"open","sticky":false,"template":"","format":"standard","meta":[],"categories":[13,11],"tags":[],"_links":{"self":[{"href":"https:\/\/willizblog.de\/index.php?rest_route=\/wp\/v2\/posts\/7244"}],"collection":[{"href":"https:\/\/willizblog.de\/index.php?rest_route=\/wp\/v2\/posts"}],"about":[{"href":"https:\/\/willizblog.de\/index.php?rest_route=\/wp\/v2\/types\/post"}],"author":[{"embeddable":true,"href":"https:\/\/willizblog.de\/index.php?rest_route=\/wp\/v2\/users\/1"}],"replies":[{"embeddable":true,"href":"https:\/\/willizblog.de\/index.php?rest_route=%2Fwp%2Fv2%2Fcomments&post=7244"}],"version-history":[{"count":0,"href":"https:\/\/willizblog.de\/index.php?rest_route=\/wp\/v2\/posts\/7244\/revisions"}],"wp:attachment":[{"href":"https:\/\/willizblog.de\/index.php?rest_route=%2Fwp%2Fv2%2Fmedia&parent=7244"}],"wp:term":[{"taxonomy":"category","embeddable":true,"href":"https:\/\/willizblog.de\/index.php?rest_route=%2Fwp%2Fv2%2Fcategories&post=7244"},{"taxonomy":"post_tag","embeddable":true,"href":"https:\/\/willizblog.de\/index.php?rest_route=%2Fwp%2Fv2%2Ftags&post=7244"}],"curies":[{"name":"wp","href":"https:\/\/api.w.org\/{rel}","templated":true}]}}