{"id":725,"date":"2007-01-24T01:00:55","date_gmt":"2007-01-23T23:00:55","guid":{"rendered":"http:\/\/www.albinz.de\/blog\/?p=725"},"modified":"2007-01-19T13:16:28","modified_gmt":"2007-01-19T11:16:28","slug":"drudel","status":"publish","type":"post","link":"https:\/\/willizblog.de\/?p=725","title":{"rendered":"Drudel"},"content":{"rendered":"<p>Durch Zufall bin ich im Internet auf kleine minimalistische Zeichnungen gesto\u00dfen, die mich an alte Schulzeiten erinnern. Es sind mit wenigen Strichen gezeichnete Bildr\u00e4tsel, <a href=\"https:\/\/de.wikipedia.org\/wiki\/Drudel\" target=\"_blank\">Drudel<\/a> genannt. Das Wort Drudel kommt aus dem Englischen und ist ein so genanntes Kofferwort bestehend aus den Bestandteilen doodle = Kritzelei und riddle = R\u00e4tsel. Demnach ist ein Drudel also ein Kritzelr\u00e4tsel.<\/p>\n<p>Hier drei Drudel, die mir &#8211; wie erw\u00e4hnt &#8211; aus der Schulzeit (\u00fcber 35 Jahre ist das jetzt etwa her) bekannt sind:<\/p>\n<table border=\"0\" cellpadding=\"0\" cellspacing=\"0\" width=\"100%\">\n<tr>\n<td width=\"33%\" align=\"center\"><img loading=\"lazy\" border=\"0\" src=\"https:\/\/www.albinz.net\/models\/drudel_rad.gif\" alt=\"Mexikaner auf einem Fahrrad\" width=\"185\" height=\"185\"><\/td>\n<td width=\"33%\" align=\"center\"><img loading=\"lazy\" border=\"0\" src=\"https:\/\/www.albinz.net\/models\/drudel_giraffe.gif\" alt=\"Giraffe l\u00e4uft an einem Fenster vorbei\" width=\"185\" height=\"185\"><\/td>\n<td width=\"34%\" align=\"center\"><img loading=\"lazy\" border=\"0\" src=\"https:\/\/www.albinz.net\/models\/drudel_wurm.gif\" alt=\"Regenwurm klettert \u00fcber eine Rasierklinge\" width=\"185\" height=\"185\"><\/td>\n<\/tr>\n<tr>\n<td width=\"33%\" align=\"center\"><font face=\"Lucida Grande, Lucida Sans Unicode, Verdana, sans-serif\" size=\"1\">Mexikaner auf einem Fahrrad<\/font><\/td>\n<td width=\"33%\" align=\"center\"><font face=\"Lucida Grande, Lucida Sans Unicode, Verdana, sans-serif\" size=\"1\">Giraffe l\u00e4uft an einem Fenster vorbei<\/font><\/td>\n<td width=\"34%\" align=\"center\"><font face=\"Lucida Grande, Lucida Sans Unicode, Verdana, sans-serif\" size=\"1\">Regenwurm klettert \u00fcber eine Rasierklinge<\/font><\/td>\n<\/tr>\n<\/table>\n<p>Dass man sich mit Drudeln gewisserma\u00dfen auch h\u00f6chst wissenschaftlich besch\u00e4ftigen kann, zeigt eine kleine Website der Technischen Uni Dresden: <a href=\"http:\/\/www.iee.et.tu-dresden.de\/~schwarz\/Drudel\/index01.htm\" target=\"_blank\">Drudologie<\/a><\/p>\n<p>hier noch weitere Beispiele <a href=\"http:\/\/www.kidsaction.de\/gjogg\/drudel.htm\" target=\"_blank\">(zum Raten)<\/a><\/p>\n","protected":false},"excerpt":{"rendered":"<p>Durch Zufall bin ich im Internet auf kleine minimalistische Zeichnungen gesto\u00dfen, die mich an alte Schulzeiten erinnern. Es sind mit wenigen Strichen gezeichnete Bildr\u00e4tsel, Drudel genannt. Das Wort Drudel kommt aus dem Englischen und ist ein so genanntes Kofferwort bestehend aus den Bestandteilen doodle = Kritzelei und riddle = R\u00e4tsel. Demnach ist ein Drudel also &hellip; <a href=\"https:\/\/willizblog.de\/?p=725\" class=\"more-link\"><span class=\"screen-reader-text\">Drudel<\/span> weiterlesen <span class=\"meta-nav\">&rarr;<\/span><\/a><\/p>\n","protected":false},"author":1,"featured_media":0,"comment_status":"closed","ping_status":"closed","sticky":false,"template":"","format":"standard","meta":[],"categories":[7],"tags":[],"_links":{"self":[{"href":"https:\/\/willizblog.de\/index.php?rest_route=\/wp\/v2\/posts\/725"}],"collection":[{"href":"https:\/\/willizblog.de\/index.php?rest_route=\/wp\/v2\/posts"}],"about":[{"href":"https:\/\/willizblog.de\/index.php?rest_route=\/wp\/v2\/types\/post"}],"author":[{"embeddable":true,"href":"https:\/\/willizblog.de\/index.php?rest_route=\/wp\/v2\/users\/1"}],"replies":[{"embeddable":true,"href":"https:\/\/willizblog.de\/index.php?rest_route=%2Fwp%2Fv2%2Fcomments&post=725"}],"version-history":[{"count":0,"href":"https:\/\/willizblog.de\/index.php?rest_route=\/wp\/v2\/posts\/725\/revisions"}],"wp:attachment":[{"href":"https:\/\/willizblog.de\/index.php?rest_route=%2Fwp%2Fv2%2Fmedia&parent=725"}],"wp:term":[{"taxonomy":"category","embeddable":true,"href":"https:\/\/willizblog.de\/index.php?rest_route=%2Fwp%2Fv2%2Fcategories&post=725"},{"taxonomy":"post_tag","embeddable":true,"href":"https:\/\/willizblog.de\/index.php?rest_route=%2Fwp%2Fv2%2Ftags&post=725"}],"curies":[{"name":"wp","href":"https:\/\/api.w.org\/{rel}","templated":true}]}}