{"id":7254,"date":"2013-04-29T09:09:49","date_gmt":"2013-04-29T08:09:49","guid":{"rendered":"http:\/\/www.willizblog.de\/?p=7254"},"modified":"2013-04-29T09:09:49","modified_gmt":"2013-04-29T08:09:49","slug":"werder-bremen-schulterschluss-zwischen-team-und-fans","status":"publish","type":"post","link":"https:\/\/willizblog.de\/?p=7254","title":{"rendered":"Werder Bremen: Schulterschluss zwischen Team und Fans"},"content":{"rendered":"<p>Letzte Woche nach dem Katastrophenspiel gegen den VfL Wolfsburg skandierte das verehrte Publikum noch <a href=\"https:\/\/www.willizblog.de\/?p=7230\" target=\"_blank\">\u201eWir haben die Schnauze voll\u201c<\/a>. Am Samstagnachmittag nach dem wieder einmal verlorenen Spiel in Leverkusen, dem 10. Spiel ohne Sieg in Folge, fanden Trainer, Mannschaft und die 3000 mitgereisten Fans wieder zusammen in einem <a href=\"http:\/\/www.werder.de\/de\/profis\/news\/44185.php\" target=\"_blank\">ungew\u00f6hnlichen Schulterschluss<\/a>. Was bleibt denen auch anderes \u00fcbrig?<\/p>\n<p><img src=\"https:\/\/www.willizblog.de\/blogpicts\/werder_sinking_ship.jpg\" alt=\"Werder Bremen: ein sinkendes Schiff?\" title=\"Werder Bremen: ein sinkendes Schiff?\" \/><\/p>\n<p>Will man weiterhin in der ersten Liga des deutschen Fu\u00dfball verweilen, dann kann man nur \u201agemeinsam\u2019. Nach den Siegen der Augsburger und der Hoffenheimer droht mehr denn je der Abstieg in die Zweitklassigkeit. Nur noch zwei Punkte trennen den SV Werder Bremen vom 16. Platz, dem Abstiegsrelegationsplatz &#8211; immerhin noch f\u00fcnf Punkte vom direkten Abstiegsplatz, den weiterhin 1899 Hoffenheim innehat. Am n\u00e4chsten Samstag geht es zu Hause gegen Hoffenheim. Ein Endspiel! Es geht um die Wurst!<\/p>\n<p>Sicherlich gab es in Leverkusen eine deutliche Leistungssteigerung gegen\u00fcber den letzten Spielen. Besonders die Abwehr zeigte sich gest\u00e4rkt. Aber, auch das muss gesagt werden, im Angriff war man wieder einfach zu harmlos.<\/p>\n<p>Und dann noch das: <em>Arnautovic<\/em> und <em>Elia<\/em> waren in der Nacht zum letzten Freitag um ca. 3 Uhr morgens vor dem Bremer Kreuz auf der Autobahn A1 aus Richtung Osnabr\u00fcck kommend einer Polizeistreife aufgefallen. Der Grund: Eine deutliche Geschwindigkeits\u00fcberschreitung bei Arnautovic. Als Arnautovic gestoppt wurde, hielt ebenfalls der Wagen von Eljero Elia. Zurecht wurden <a href=\"http:\/\/www.werder.de\/de\/profis\/news\/44167.php\" target=\"_blank\">beide Spieler vom Trainings- und Spielbetrieb suspendiert<\/a>. Wer zwei Tage vor einem wichtigen Spiel um drei Uhr nachts noch auf der Autobahn unterwegs ist, hat kaum die richtige professionelle Einstellung. Ich halte beide f\u00fcr ausgemachte Pappnasen. Aber das ist jetzt doch der Gipfel der Dummheit.<\/p>\n<p>Also nun muss doch gegen den Abstieg gespielt werden. Und was keiner gewollt hat, das ist der Blick auf die Spiele der Gegner wie D\u00fcsseldorf, Augsburg und Hoffenheim. Immerhin hat Werder als einzigste Mannschaft von den drei Spielen zwei Heimspiele. Aber ob das wirklich ein Vorteil ist? Der Knack-, der Dreh- und Angelpunkt ist das Spiel gegen Hoffenheim. Verliert man dieses Spiel, dann d\u00fcrfte das bisschen Moral, die sich die Mannschaft jetzt angeeignet hat, v\u00f6llig dahin sein. Schlimmstenfalls droht sogar noch der direkte Abstieg (Platz 17.). Undenkbar! <em>Undenkbar?<\/em><\/p>\n<p>Hier die letzten Spiele der Abstiegskontrahenten:<\/p>\n<p><strong>SV Werder Bremen<\/strong><br \/>\n(H) 1899 Hoffenheim<br \/>\n(H) Eintracht Frankfurt<br \/>\n(A) 1. FC N\u00fcrnberg<\/p>\n<p><strong>Fortuna D\u00fcsseldorf<\/strong><br \/>\n(A) Eintracht Frankfurt<br \/>\n(H) 1. FC N\u00fcrnberg<br \/>\n(A) Hannover 96<\/p>\n<p><strong>FC Augsburg<\/strong><br \/>\n(A) FC Freiburg<br \/>\n(A) Bayern M\u00fcnchen<br \/>\n(H) Greuther F\u00fcrth<\/p>\n<p><strong>1899 Hoffenheim<\/strong><br \/>\n(A) SV Werder Bremen<br \/>\n(H) HSV<br \/>\n(A) Borussia Dortmund<\/p>\n<p>Also ich wage keinen Tipp abzugeben. Zum Saisonende ist so ziemlich alles m\u00f6glich (sogar ein P\u00fcnktchen f\u00fcr Augsburg in M\u00fcnchen, die wahrscheinlich nur noch das Champions League Endspiel vor Augen haben werden). Aber ich tippe zumindest, dass es Werder schaffen wird, wenn auch mit Ach und Krach &#8230;!<\/p>\n","protected":false},"excerpt":{"rendered":"<p>Letzte Woche nach dem Katastrophenspiel gegen den VfL Wolfsburg skandierte das verehrte Publikum noch \u201eWir haben die Schnauze voll\u201c. Am Samstagnachmittag nach dem wieder einmal verlorenen Spiel in Leverkusen, dem 10. Spiel ohne Sieg in Folge, fanden Trainer, Mannschaft und die 3000 mitgereisten Fans wieder zusammen in einem ungew\u00f6hnlichen Schulterschluss. Was bleibt denen auch anderes &hellip; <a href=\"https:\/\/willizblog.de\/?p=7254\" class=\"more-link\"><span class=\"screen-reader-text\">Werder Bremen: Schulterschluss zwischen Team und Fans<\/span> weiterlesen <span class=\"meta-nav\">&rarr;<\/span><\/a><\/p>\n","protected":false},"author":1,"featured_media":0,"comment_status":"open","ping_status":"open","sticky":false,"template":"","format":"standard","meta":[],"categories":[27],"tags":[],"_links":{"self":[{"href":"https:\/\/willizblog.de\/index.php?rest_route=\/wp\/v2\/posts\/7254"}],"collection":[{"href":"https:\/\/willizblog.de\/index.php?rest_route=\/wp\/v2\/posts"}],"about":[{"href":"https:\/\/willizblog.de\/index.php?rest_route=\/wp\/v2\/types\/post"}],"author":[{"embeddable":true,"href":"https:\/\/willizblog.de\/index.php?rest_route=\/wp\/v2\/users\/1"}],"replies":[{"embeddable":true,"href":"https:\/\/willizblog.de\/index.php?rest_route=%2Fwp%2Fv2%2Fcomments&post=7254"}],"version-history":[{"count":0,"href":"https:\/\/willizblog.de\/index.php?rest_route=\/wp\/v2\/posts\/7254\/revisions"}],"wp:attachment":[{"href":"https:\/\/willizblog.de\/index.php?rest_route=%2Fwp%2Fv2%2Fmedia&parent=7254"}],"wp:term":[{"taxonomy":"category","embeddable":true,"href":"https:\/\/willizblog.de\/index.php?rest_route=%2Fwp%2Fv2%2Fcategories&post=7254"},{"taxonomy":"post_tag","embeddable":true,"href":"https:\/\/willizblog.de\/index.php?rest_route=%2Fwp%2Fv2%2Ftags&post=7254"}],"curies":[{"name":"wp","href":"https:\/\/api.w.org\/{rel}","templated":true}]}}