{"id":7261,"date":"2013-05-01T07:22:59","date_gmt":"2013-05-01T06:22:59","guid":{"rendered":"http:\/\/www.willizblog.de\/?p=7261"},"modified":"2013-04-29T10:24:42","modified_gmt":"2013-04-29T09:24:42","slug":"1-mai-%e2%80%93-tag-der-arbeit-2013","status":"publish","type":"post","link":"https:\/\/willizblog.de\/?p=7261","title":{"rendered":"1. Mai \u2013 Tag der Arbeit 2013"},"content":{"rendered":"<p>Neben dem <a href=\"https:\/\/de.wikipedia.org\/wiki\/Walpurgisnacht#Maieinsingen.2C_Maifeuer.2C_Tanz_in_den_Mai\" target=\"_blank\">Tanz in den Mai<\/a> (der 30. April ist auch die Walpurgisnacht) und der Tradition des <a href=\"https:\/\/www.willizblog.de\/?p=469\" target=\"_blank\">Maibaumaufstellens<\/a> ist der <a href=\"https:\/\/de.wikipedia.org\/wiki\/1._Mai\" target=\"_blank\">1. Mai<\/a> seit vielen Jahren der <a href=\"https:\/\/de.wikipedia.org\/wiki\/Erster_Mai\" target=\"_blank\">Tag der Arbeit<\/a>, also der Tag, an dem die Arbeiterbewegung ihre Forderungen durch Demonstrationen bekr\u00e4ftigt. Statt Arbeiter setze man heute Arbeitnehmer.<\/p>\n<p>In einer Gesellschaft, die sich als zivilisatorisch versteht, sollte jeder durch seinen F\u00e4higkeiten entsprechende Arbeit den ihm angemessenen Lebensunterhalt bestreiten k\u00f6nnen. Dass das nicht immer selbstverst\u00e4ndlich war und teilweise auch heute nicht ist, bedarf keiner weiteren Er\u00f6rterung.<\/p>\n<p>Seit 2001 ist der 1. Mai auch der internationale <a href=\"https:\/\/de.wikipedia.org\/wiki\/EuroMayDay\" target=\"_blank\">EuroMayDay<\/a>, dessen zentrales Anliegen ist, den verschiedenartigsten Formen von <a href=\"https:\/\/de.wikipedia.org\/wiki\/Prekarisierung#Definition\" target=\"_blank\">Prekarisierung<\/a> in Arbeit und Leben (Unsicherheiten der Erwerbst\u00e4tigkeit z.B. durch geringe Arbeitsplatzsicherheit) einen Ausdruck zu geben, die durch die klassischen Institutionen der Arbeiterbewegung und der Linken nicht (mehr) organisiert werden.<\/p>\n","protected":false},"excerpt":{"rendered":"<p>Neben dem Tanz in den Mai (der 30. April ist auch die Walpurgisnacht) und der Tradition des Maibaumaufstellens ist der 1. Mai seit vielen Jahren der Tag der Arbeit, also der Tag, an dem die Arbeiterbewegung ihre Forderungen durch Demonstrationen bekr\u00e4ftigt. Statt Arbeiter setze man heute Arbeitnehmer. In einer Gesellschaft, die sich als zivilisatorisch versteht, &hellip; <a href=\"https:\/\/willizblog.de\/?p=7261\" class=\"more-link\"><span class=\"screen-reader-text\">1. Mai \u2013 Tag der Arbeit 2013<\/span> weiterlesen <span class=\"meta-nav\">&rarr;<\/span><\/a><\/p>\n","protected":false},"author":1,"featured_media":0,"comment_status":"open","ping_status":"open","sticky":false,"template":"","format":"standard","meta":[],"categories":[32,2],"tags":[],"_links":{"self":[{"href":"https:\/\/willizblog.de\/index.php?rest_route=\/wp\/v2\/posts\/7261"}],"collection":[{"href":"https:\/\/willizblog.de\/index.php?rest_route=\/wp\/v2\/posts"}],"about":[{"href":"https:\/\/willizblog.de\/index.php?rest_route=\/wp\/v2\/types\/post"}],"author":[{"embeddable":true,"href":"https:\/\/willizblog.de\/index.php?rest_route=\/wp\/v2\/users\/1"}],"replies":[{"embeddable":true,"href":"https:\/\/willizblog.de\/index.php?rest_route=%2Fwp%2Fv2%2Fcomments&post=7261"}],"version-history":[{"count":0,"href":"https:\/\/willizblog.de\/index.php?rest_route=\/wp\/v2\/posts\/7261\/revisions"}],"wp:attachment":[{"href":"https:\/\/willizblog.de\/index.php?rest_route=%2Fwp%2Fv2%2Fmedia&parent=7261"}],"wp:term":[{"taxonomy":"category","embeddable":true,"href":"https:\/\/willizblog.de\/index.php?rest_route=%2Fwp%2Fv2%2Fcategories&post=7261"},{"taxonomy":"post_tag","embeddable":true,"href":"https:\/\/willizblog.de\/index.php?rest_route=%2Fwp%2Fv2%2Ftags&post=7261"}],"curies":[{"name":"wp","href":"https:\/\/api.w.org\/{rel}","templated":true}]}}