{"id":729,"date":"2007-01-18T05:07:26","date_gmt":"2007-01-18T03:07:26","guid":{"rendered":"http:\/\/www.albinz.de\/blog\/?p=729"},"modified":"2007-01-18T09:10:39","modified_gmt":"2007-01-18T07:10:39","slug":"orkantief-kyrill-im-anzug","status":"publish","type":"post","link":"https:\/\/willizblog.de\/?p=729","title":{"rendered":"Orkantief &#8218;Kyrill&#8216; im Anzug"},"content":{"rendered":"<p>Eigentlich sind wir ja im tiefsten Winter. Aber wirklich sind wir noch mitten im Herbst. Meteorologen sagen f\u00fcr dieses Jahr neue H\u00f6chstwerte der Temperatur voraus. Und nach reichlich Sturm kommt jetzt das Orkantief &#8222;Kyrill&#8220; auf Deutschland zu. B\u00f6en bis zu 200 km\/h werden erwartet. Das ist der Klimawandel hautnah!<\/p>\n<p><img src=\"https:\/\/www.albinz.net\/models\/orkantief_kyrill.jpg\" alt=\"Orkantief \"Kyrill\"\" \/><\/p>\n<p>Wer nicht muss, sollte sp\u00e4testens ab Mittag zu Hause oder in geschlossenen R\u00e4umen bleiben. Dabei Fenster und T\u00fcren nach au\u00dfen geschlossen halten. W\u00e4lder sind zu meiden. Gegenst\u00e4nde im Freien sollte man m\u00f6glichst bald sichern. Fahrzeuge sollten nicht gerade unter B\u00e4umen abgestellt werden. Ger\u00fcste und Hochspannungsleitungen sind zu meiden.<\/p>\n<p>Weiteres siehe <a href=\"http:\/\/www.heute.de\/ZDFheute\/inhalt\/25\/0,3672,4299353,00.html\" target=\"_blank\">zdf.de<\/a><\/p>\n","protected":false},"excerpt":{"rendered":"<p>Eigentlich sind wir ja im tiefsten Winter. Aber wirklich sind wir noch mitten im Herbst. Meteorologen sagen f\u00fcr dieses Jahr neue H\u00f6chstwerte der Temperatur voraus. Und nach reichlich Sturm kommt jetzt das Orkantief &#8222;Kyrill&#8220; auf Deutschland zu. B\u00f6en bis zu 200 km\/h werden erwartet. Das ist der Klimawandel hautnah! Wer nicht muss, sollte sp\u00e4testens ab &hellip; <a href=\"https:\/\/willizblog.de\/?p=729\" class=\"more-link\"><span class=\"screen-reader-text\">Orkantief &#8218;Kyrill&#8216; im Anzug<\/span> weiterlesen <span class=\"meta-nav\">&rarr;<\/span><\/a><\/p>\n","protected":false},"author":1,"featured_media":0,"comment_status":"closed","ping_status":"closed","sticky":false,"template":"","format":"standard","meta":[],"categories":[16],"tags":[],"_links":{"self":[{"href":"https:\/\/willizblog.de\/index.php?rest_route=\/wp\/v2\/posts\/729"}],"collection":[{"href":"https:\/\/willizblog.de\/index.php?rest_route=\/wp\/v2\/posts"}],"about":[{"href":"https:\/\/willizblog.de\/index.php?rest_route=\/wp\/v2\/types\/post"}],"author":[{"embeddable":true,"href":"https:\/\/willizblog.de\/index.php?rest_route=\/wp\/v2\/users\/1"}],"replies":[{"embeddable":true,"href":"https:\/\/willizblog.de\/index.php?rest_route=%2Fwp%2Fv2%2Fcomments&post=729"}],"version-history":[{"count":0,"href":"https:\/\/willizblog.de\/index.php?rest_route=\/wp\/v2\/posts\/729\/revisions"}],"wp:attachment":[{"href":"https:\/\/willizblog.de\/index.php?rest_route=%2Fwp%2Fv2%2Fmedia&parent=729"}],"wp:term":[{"taxonomy":"category","embeddable":true,"href":"https:\/\/willizblog.de\/index.php?rest_route=%2Fwp%2Fv2%2Fcategories&post=729"},{"taxonomy":"post_tag","embeddable":true,"href":"https:\/\/willizblog.de\/index.php?rest_route=%2Fwp%2Fv2%2Ftags&post=729"}],"curies":[{"name":"wp","href":"https:\/\/api.w.org\/{rel}","templated":true}]}}