{"id":7297,"date":"2013-05-13T08:32:02","date_gmt":"2013-05-13T07:32:02","guid":{"rendered":"http:\/\/www.willizblog.de\/?p=7297"},"modified":"2013-05-13T08:32:02","modified_gmt":"2013-05-13T07:32:02","slug":"deutsche-verhaltnisse","status":"publish","type":"post","link":"https:\/\/willizblog.de\/?p=7297","title":{"rendered":"Deutsche Verh\u00e4ltnisse"},"content":{"rendered":"<p><a href=\"https:\/\/de.wikipedia.org\/wiki\/Uli_Hoene%C3%9F\" target=\"_blank\">Uli Hoene\u00df<\/a> f\u00fcrchtet spanische Verh\u00e4ltnisse f\u00fcr die deutsche Fu\u00dfball-Bundesliga. Denn in Spaniens erster Liga, der Primera Divisi\u00f3n, verdienen nur noch Real Madrid und der FC Barcelona (siehe meinen Beitrag <a href=\"https:\/\/www.willizblog.de\/?p=7024\" target=\"_blank\">Das Ende des Tiki-Taka?<\/a>), die anderen Vereine k\u00e4mpfen mehr mit Schulden als mit dem sportlichen Gegner. Diese Verh\u00e4ltnisse sieht Uli Hoene\u00df jetzt auch auf die Bundesliga zukommen. Gerade Hoene\u00df muss das sagen.<\/p>\n<p>Wenn es nach ihm ginge, dann h\u00e4tten wir wieder \u2018deutsche Verh\u00e4ltnisse\u2019. Die Bayern vorn, danach erst einmal nichts, dann vielleicht Dortmund, Leverkusen und vielleicht Schalke, dann wieder nichts \u2013 und am Schluss Mannschaften wie Werder Bremen. Ach ja, Werder: die haben es nun doch geschafft und die Klasse gehalten. Gratulieren kann man daf\u00fcr aber nicht gerade. Wir ahnen bereits, was da in der n\u00e4chsten Saison auf uns zukommt: der Kampf gegen den Abstieg. Noch ist das Werder-Schiff nicht gesunken. Aber die mageren Jahre gehen weiter &#8230; (\u00dcbrigens: Ich f\u00fcrchte, dass die Fortuna aus D\u00fcsseldorf wieder in die Relegation muss \u2013 dieses Mal gegen den 1. FC Kaiserslautern).<\/p>\n<p>Apropos \u201adeutsche Verh\u00e4ltnisse\u2019! Es geh\u00f6rt wohl dazu, dass die Bayern die Konkurrenz ausschalten, indem sie den potentiellen Gegnern die Spieler abkaufen (z.B. vor vielen Jahren Klose von Werder, sp\u00e4ter dann G\u00f3mez vom VfB Stuttgart). Neben <a href=\"https:\/\/de.wikipedia.org\/wiki\/Mario_G%C3%B6tze\" target=\"_blank\">Mario G\u00f6tze<\/a>, den Bayerns neuer Trainer, <a href=\"https:\/\/de.wikipedia.org\/wiki\/Josep_Guardiola\" target=\"_blank\">Pep Guardiola<\/a>, als den <a href=\"https:\/\/de.wikipedia.org\/wiki\/Lionel_Messi\" target=\"_blank\">Lionel Messi<\/a> der M\u00fcnchner sieht, war lange <a href=\"https:\/\/de.wikipedia.org\/wiki\/Robert_Lewandowski\" target=\"_blank\">Robert Lewandowski<\/a> bei den Bayern im Gespr\u00e4ch und Borussia Dortmund dann als Konkurrent erst einmal geschw\u00e4cht. Ein Wahnsinn eigentlich, denn mit Mario Mand\u017euki&#263;, Claudio Pizarro und Mario G\u00f3mez haben die Bayern drei etatm\u00e4\u00dfige Mittelst\u00fcrmer. Und die Ausleihe Nils Petersen kehrt vielleicht auch wieder zur\u00fcck. Nat\u00fcrlich bestreiten die M\u00fcnchner solche Vorw\u00fcrfe. Dort blickt man vor allem auf Europa und begehrt die Wachabl\u00f6sung an der Spitze des Weltfu\u00dfballs zu Bayerns Gunsten.<\/p>\n<p><img src=\"https:\/\/www.willizblog.de\/blogpicts\/werder_sinking_ship.jpg\" alt=\"Werder Bremen: Mit Not dem Untergang entkommen\" title=\"Werder Bremen: Mit Not dem Untergang entkommen\" \/><\/p>\n<p>Nun Werder ist gerettet und ein weiterer Umbruch in Sicht. Kevin de Bruyne wird und kann man nicht halten. Eljero Elia und Marko Arnautovi&#263; sind und bleiben Fehleink\u00e4ufe. Spieler auf hohem Spielniveau sind mehr als rar ges\u00e4t in Bremen (vielleicht Aaron Hunt und Sokratis \u2013 mehr auch nicht). Neue Spieler braucht die Stadt. Woher nehmen, wenn nicht stehlen &#8230; Es bedarf eines Wunders, wenn der SV Werder in der n\u00e4chsten Saison wieder in die obere H\u00e4lfte vordringen sollte.<\/p>\n<p>Die 50. Bundesligasaison geht dem Ende entgegen. Die Bayern jagen weiterhin von einer Rekordmarke zur n\u00e4chsten (Werder stellt mit zz. 12 Spielen ohne Sieg auch einen vereinsinternen Rekord auf, wenn auch einen negativen &#8211; und die Serie ist vielleicht noch nicht beendet). Man kann den Bayern nur gratulieren \u2013 der Mannschaft und dem Trainer, Jupp Heynckes, dem die kaum zu glaubende Gratwanderung zwischen Mannschaft und den Herren Uli Hoene\u00df, Karl-Heinz Rummenigge und Franz Beckenbauer (die immer meinen, ein geh\u00f6riges Wort mitreden zu m\u00fcssen) gelungen ist, der manchmal mehr Moderator als Trainer zu sein hatte. Guardiola wird es schwer haben.<\/p>\n<p>Jetzt stehen noch die <a href=\"https:\/\/de.wikipedia.org\/wiki\/FC_Bayern_M%C3%BCnchen\/Namen_und_Zahlen#UEFA-Champions-League-Finale_2013\" target=\"_blank\">Endspiele der Bayern um die Champions League<\/a> (CL) am 25. Mai  in London gegen Borussia Dortmund und das um den <a href=\"https:\/\/de.wikipedia.org\/wiki\/FC_Bayern_M%C3%BCnchen\/Namen_und_Zahlen#Deutsches_Pokalfinale_2013\" target=\"_blank\">DFB-Pokal<\/a> am 1. Juni gegen den VfB Stuttgart an. Okay, ich hatte auf ein CL-Endspiel <a href=\"https:\/\/www.willizblog.de\/?p=7230\" target=\"_blank\">Real Madrid gegen die Bayern getippt<\/a>. Nun zum ersten Mal ein deutsch-deutsches Endspiel, das verdeutlich, welchen Stellenwert der deutsche Fu\u00dfball inzwischen in Europa hat. Nat\u00fcrlich soll der Bessere gewinnen. Vielleicht ist ja Dortmund der Bessere. Schon allein, um \u201adeutschen Verh\u00e4ltnissen\u2019 vorzubeugen.<\/p>\n","protected":false},"excerpt":{"rendered":"<p>Uli Hoene\u00df f\u00fcrchtet spanische Verh\u00e4ltnisse f\u00fcr die deutsche Fu\u00dfball-Bundesliga. Denn in Spaniens erster Liga, der Primera Divisi\u00f3n, verdienen nur noch Real Madrid und der FC Barcelona (siehe meinen Beitrag Das Ende des Tiki-Taka?), die anderen Vereine k\u00e4mpfen mehr mit Schulden als mit dem sportlichen Gegner. Diese Verh\u00e4ltnisse sieht Uli Hoene\u00df jetzt auch auf die Bundesliga &hellip; <a href=\"https:\/\/willizblog.de\/?p=7297\" class=\"more-link\"><span class=\"screen-reader-text\">Deutsche Verh\u00e4ltnisse<\/span> weiterlesen <span class=\"meta-nav\">&rarr;<\/span><\/a><\/p>\n","protected":false},"author":1,"featured_media":0,"comment_status":"open","ping_status":"open","sticky":false,"template":"","format":"standard","meta":[],"categories":[4,27],"tags":[],"_links":{"self":[{"href":"https:\/\/willizblog.de\/index.php?rest_route=\/wp\/v2\/posts\/7297"}],"collection":[{"href":"https:\/\/willizblog.de\/index.php?rest_route=\/wp\/v2\/posts"}],"about":[{"href":"https:\/\/willizblog.de\/index.php?rest_route=\/wp\/v2\/types\/post"}],"author":[{"embeddable":true,"href":"https:\/\/willizblog.de\/index.php?rest_route=\/wp\/v2\/users\/1"}],"replies":[{"embeddable":true,"href":"https:\/\/willizblog.de\/index.php?rest_route=%2Fwp%2Fv2%2Fcomments&post=7297"}],"version-history":[{"count":0,"href":"https:\/\/willizblog.de\/index.php?rest_route=\/wp\/v2\/posts\/7297\/revisions"}],"wp:attachment":[{"href":"https:\/\/willizblog.de\/index.php?rest_route=%2Fwp%2Fv2%2Fmedia&parent=7297"}],"wp:term":[{"taxonomy":"category","embeddable":true,"href":"https:\/\/willizblog.de\/index.php?rest_route=%2Fwp%2Fv2%2Fcategories&post=7297"},{"taxonomy":"post_tag","embeddable":true,"href":"https:\/\/willizblog.de\/index.php?rest_route=%2Fwp%2Fv2%2Ftags&post=7297"}],"curies":[{"name":"wp","href":"https:\/\/api.w.org\/{rel}","templated":true}]}}