{"id":7310,"date":"2013-05-16T09:45:52","date_gmt":"2013-05-16T08:45:52","guid":{"rendered":"http:\/\/www.willizblog.de\/?p=7310"},"modified":"2013-05-16T09:46:40","modified_gmt":"2013-05-16T08:46:40","slug":"schaaf-geht","status":"publish","type":"post","link":"https:\/\/willizblog.de\/?p=7310","title":{"rendered":"Schaaf geht"},"content":{"rendered":"<p>Am Ende war es dann doch \u00fcberraschend: Fu\u00dfball-Bundesligist <a href=\"http:\/\/www.sportschau.de\/fussball\/bundesliga\/schaaf118.html\" target=\"_blank\">Werder Bremen und Thomas Schaaf gehen seit gestern \u201aeinvernehmlich\u2019 getrennte Wege<\/a>. <em>Der 52-J\u00e4hrige, seit 1972 im Verein und seit 1999 Cheftrainer der Bundesligamannschaft, wird auf eigenen Wunsch nicht mehr beim Ausw\u00e4rtsspiel beim 1. FC N\u00fcrnberg auf der Bank sitzen. Die Betreuung der Mannschaft in den letzten beiden Wochen der Saison \u00fcbernehmen Schaafs bisherige Co-Trainer Wolfgang Rolff und Matthias H\u00f6nerbach. Damit geht eine 14 Jahre w\u00e4hrende \u00c4ra zu Ende. Schaaf, dessen Karriere als Chefcoach an der Weser 5119 Tage dauerte und damit nur unwesentlich k\u00fcrzer als die von Werders Trainer-Dino Otto Rehhagel (5202) war, hatte sich gestern Morgen von den Spielern und seinen Trainerkollegen verabschiedet und seinen Arbeitsplatz verlassen.<\/em><\/p>\n<p>Nat\u00fcrlich musste man sich zuvor fragen, wie es nach dieser vermurksten Saison weitergehen soll. Und auch die Frage, ob Schaaf weiterhin Cheftrainer bleiben soll, konnte nicht vom Tisch gewischt werden. \u201eWir haben in den vergangenen Tagen unsere sportliche Entwicklung analysiert und sind zu dem Schluss gekommen, dass wir einen Neuanfang wagen wollen.\u201c, sagte Sportdirektor Thomas Eichin auch im Namen seiner beiden Gesch\u00e4ftsf\u00fchrerkollegen Klaus Filbry und Klaus-Dieter Fischer. Einen Neuanfang ohne Thomas Schaaf.<\/p>\n<ul><img src=\"https:\/\/www.willizblog.de\/blogpicts\/schaaf_reporter.jpg\" alt=\"Thomas Schaaf \u2013 improvisierte Pressekonferenz\" title=\"Thomas Schaaf \u2013 improvisierte Pressekonferenz\" \/><\/ul>\n<p>Jetzt lautet die Frage nat\u00fcrlich: Wenn ohne Thomas Schaaf, mit wem aber dann? <\/p>\n<p>Ein Blick zur\u00fcck? Eigentlich begann die Saison 2012\/2013 vielversprechend. Werder gewann den <a href=\"https:\/\/www.willizblog.de\/?p=6254\" target=\"_blank\">Liga total!-Pokal<\/a> gegen Bayern M\u00fcnchen und Borussia Dortmund und zeigte alte Tugenden \u2013 den Dran nach vorn. Der angestrebte <a href=\"https:\/\/www.willizblog.de\/?p=6175\" target=\"_blank\">Umbruch<\/a> schien auf gutem Weg: <a href=\"https:\/\/www.willizblog.de\/?p=6244\" target=\"_blank\">neuer Wind wehte im Werder-Segel<\/a>. Aber schon bald lie\u00df man viele Punkte liegen und erreichte <a href=\"https:\/\/www.willizblog.de\/?p=6750\" target=\"_blank\">zur Halbzeit nur den 12. Tabellenplatz<\/a>, immerhin mit 10 Punkten Vorsprung auf den 16. Tabellen-, den Relegationsplatz. Die <a href=\"https:\/\/www.willizblog.de\/?p=6892\" target=\"_blank\">angek\u00fcndigte Aufholjagd<\/a> wurde aber schon bald im Keim erstickt. Und da war dann zuvor auch noch der <a href=\"https:\/\/www.willizblog.de\/?p=6642\" target=\"_blank\">Abschied von Klaus Allofs<\/a>, Sportdirektor und Vorsitzender der Gesch\u00e4ftsf\u00fchrung, und sein Wechsel nach Wolfsburg.<\/p>\n<ul><img src=\"https:\/\/www.willizblog.de\/blogpicts\/werder_allofs_schaaf_gucken_doof.jpg\" alt=\"Nach Allofs geht jetzt Schaaf \u2013 ein Neubeginn bei Werder?\" title=\"Nach Allofs geht jetzt Schaaf \u2013 ein Neubeginn bei Werder?\" \/><\/ul>\n<p>Thomas Schaaf <a href=\"https:\/\/www.willizblog.de\/?p=7072\" target=\"_blank\">war pl\u00f6tzlich dort<\/a>, wo er vor 14 Jahren begann, als schon einmal der Abstieg drohte. Was war geschehen und welchen Anteil hatte Thomas Schaaf an diesem Niedergang? Es ist m\u00fc\u00dfig, die Ursachen zu ergr\u00fcnden. Viele individuelle Fehler von einzelnen Spieler sorgten f\u00fcr zu viele Gegentore. Arnautovic, in der Hinrunde endlich auf einem guten Weg, wollte es jetzt besonders gut machen \u2013 und machte so ziemlich alles falsch. Zudem verfiel er wieder in die alte Agonie. Und Elia, sein Kumpel aus alten Zeiten beim FC Twente, kam erst gar nicht in Gang. Die <a href=\"https:\/\/www.willizblog.de\/?p=7254\" target=\"_blank\">Suspendierung der beiden<\/a> durch Schaaf kurz vor Saisonende spricht B\u00e4nde. Ist die Mannschaft einmal verunsichert, fehlt ihr das n\u00f6tige Selbstvertrauen, dann l\u00e4uft einfach nicht mehr viel zusammen. Hier gelang es Thomas Schaaf nicht ausreichend, die Spieler zu motivieren. Und pl\u00f6tzlich fehlte ihm auch das notwendige \u201agl\u00fcckliche H\u00e4ndchen\u2019, das er fr\u00fcher immer wieder bei der Aufstellung oder bei Einwechselungen hatte. Manche Anfangsaufstellung erwies sich sogar als geh\u00f6riger Schuss nach hinten. Der m\u00e4chtige Gesch\u00e4ftsf\u00fchrer Fischer hatte vor Tagen bereits den Finger in die Wunde gelegt. \u201eWir haben es nicht geschafft, an die Europa League heranzur\u00fccken. Wir sind nicht gl\u00fccklich mit den Eink\u00e4ufen der letzten Zeit. Und nicht mit der Zuf\u00fchrung junger Spieler in den Profi-Kader. All das m\u00fcssen wir diskutieren.\u201c Werder wird sich keine teuren Neueink\u00e4ufe leisten k\u00f6nnen. So m\u00fcssen junge Spieler aus dem eigenen Nachwuchs an die 1. Mannschaft herangef\u00fchrt werden. Das ist Thomas Schaaf nur ansatzweise gelungen. Auch ist aufgefallen, dass Schaaf in letzter Zeit viel lamentierte und nur wenig Konkretes aussagen konnte.<\/p>\n<p>Die Trennung ist \u201aeinvernehmlich\u2019, eben <em>\u201awerder-like\u2019<\/em>. Schaaf und Allofs haben viel dazu beigetragen, dass der SV Werder \u00fcber die Region hinaus viele Anh\u00e4nger hinter sich versammeln konnte. Werder stand unter ihrer Aufsicht f\u00fcr attraktiven Angriffsfu\u00dfball, aber auch f\u00fcr Fairness, Toleranz und einem guten Einvernehmen mit den Fans. Wenn Schaaf jetzt geht, freiwillig geht, so ist es auch seine Frustration, die der jahrelange Kampf mit \u201aProblemspielern\u2019 (eben Arnautovic, Elia u.a.) mit sich bringt. Und wenn man Schaaf jetzt gehen l\u00e4sst, dann eben auch wegen der Einsicht, dass genau diese Problemspieler nicht auf die Stra\u00dfe gesetzt werden k\u00f6nnen, sie binden immerhin noch Kapital, sondern dass weiterhin der Versuch unternommen werden muss, sie in die Mannschaft zu integrieren. Diese Differenz zwischen Wollen (bei Schaaf) und M\u00fcssen (bei der Vereinsf\u00fchrung) d\u00fcrfte mit einer der Gr\u00fcnde f\u00fcr die Gehen von Thomas Schaaf sein.<\/p>\n<p>Wer den Abschied von Thomas Schaaf begr\u00fc\u00dft, sollte dann auch eine Alternative zu ihm nennen. Genau das ist jetzt der Punkt. Wer soll, kann und wird sein Nachfolger bei Werder Bremen als Cheftrainer werden? Als Nachfolger wurden Mehmet Scholl und Holger Stanislawski (1. FC K\u00f6ln), die beide allerdings bereits abgesagt haben sollen, Stefan Effenberg, Norbert Meier (Fortuna D\u00fcsseldorf), Ralph Hasenh\u00fcttl (VfR Aalen) und sogar Felix Magath gehandelt. F\u00fcr mich k\u00e4me auf dem ersten Blick nur Norbert Meier in Frage. Fortuna D\u00fcsseldorf droht noch die Relegation gegen den 3. der 2. Liga, 1. FC Kaiserslautern. Bis dahin wird Norbert Meier den Rheinl\u00e4ndern die Stange halten wollen. Gegen Meier, der jahrelang f\u00fcr den SV Werder gespielt hat (alte Rehhagel-Schule!), spricht die Aussage des Sportdirektors Thomas Eichin: \u201e&#8220;Es wird ein Trainer von au\u00dfen kommen, einer, der hier nicht jeden Stein kennt\u201c.<\/p>\n<p>Ich selbst habe Thomas Schaaf (und damals auch Klaus Allofs \u2013 allein schon wegen vieler Fehleink\u00e4ufe, die beide zu verantworten hatten) \u00f6fter kritisiert. Mir war aber dabei immer klar, dass ich ihn nicht \u201ain die W\u00fcste\u2019 schicken kann, wenn ich nicht einen geeigneten und vor allem besseren Nachfolger benennen kann. Dieser muss n\u00e4mlich auch zu Werder passen. Magath, nur als Beispiel, hat sich da vor Jahren als v\u00f6llig ungeeignet erwiesen (aber nicht nur in Bremen). Da das Kind nun einmal in den Brunnen gefallen ist, ein Nachfolger f\u00fcr Thomas Schaaf gefunden werden muss &#8230; da k\u00f6nnte mir der Name <a href=\"https:\/\/de.wikipedia.org\/wiki\/Ralph_Hasenh%C3%BCttl\" target=\"_blank\">Ralph Hasenh\u00fcttl<\/a>, der den VfR Aalen in die 2. Liga und dort auch gleich auf einen guten Platz im Mittelfeld gef\u00fchrt hat, pl\u00f6tzlich gefallen. Angesichts roter Zahlen auf Werders Bankkonten w\u00e4re dieser wohl auch finanziell tragbar. Aber genug: Lassen wir uns \u00fcberraschen und hoffen zun\u00e4chst auf ein gutes Saisonende im Spiel am Samstag in N\u00fcrnberg.<\/p>\n","protected":false},"excerpt":{"rendered":"<p>Am Ende war es dann doch \u00fcberraschend: Fu\u00dfball-Bundesligist Werder Bremen und Thomas Schaaf gehen seit gestern \u201aeinvernehmlich\u2019 getrennte Wege. Der 52-J\u00e4hrige, seit 1972 im Verein und seit 1999 Cheftrainer der Bundesligamannschaft, wird auf eigenen Wunsch nicht mehr beim Ausw\u00e4rtsspiel beim 1. FC N\u00fcrnberg auf der Bank sitzen. Die Betreuung der Mannschaft in den letzten beiden &hellip; <a href=\"https:\/\/willizblog.de\/?p=7310\" class=\"more-link\"><span class=\"screen-reader-text\">Schaaf geht<\/span> weiterlesen <span class=\"meta-nav\">&rarr;<\/span><\/a><\/p>\n","protected":false},"author":1,"featured_media":0,"comment_status":"open","ping_status":"open","sticky":false,"template":"","format":"standard","meta":[],"categories":[27],"tags":[],"_links":{"self":[{"href":"https:\/\/willizblog.de\/index.php?rest_route=\/wp\/v2\/posts\/7310"}],"collection":[{"href":"https:\/\/willizblog.de\/index.php?rest_route=\/wp\/v2\/posts"}],"about":[{"href":"https:\/\/willizblog.de\/index.php?rest_route=\/wp\/v2\/types\/post"}],"author":[{"embeddable":true,"href":"https:\/\/willizblog.de\/index.php?rest_route=\/wp\/v2\/users\/1"}],"replies":[{"embeddable":true,"href":"https:\/\/willizblog.de\/index.php?rest_route=%2Fwp%2Fv2%2Fcomments&post=7310"}],"version-history":[{"count":0,"href":"https:\/\/willizblog.de\/index.php?rest_route=\/wp\/v2\/posts\/7310\/revisions"}],"wp:attachment":[{"href":"https:\/\/willizblog.de\/index.php?rest_route=%2Fwp%2Fv2%2Fmedia&parent=7310"}],"wp:term":[{"taxonomy":"category","embeddable":true,"href":"https:\/\/willizblog.de\/index.php?rest_route=%2Fwp%2Fv2%2Fcategories&post=7310"},{"taxonomy":"post_tag","embeddable":true,"href":"https:\/\/willizblog.de\/index.php?rest_route=%2Fwp%2Fv2%2Ftags&post=7310"}],"curies":[{"name":"wp","href":"https:\/\/api.w.org\/{rel}","templated":true}]}}