{"id":7317,"date":"2013-05-19T06:50:06","date_gmt":"2013-05-19T05:50:06","guid":{"rendered":"http:\/\/www.willizblog.de\/?p=7317"},"modified":"2013-05-17T07:50:51","modified_gmt":"2013-05-17T06:50:51","slug":"pfingsten-2013","status":"publish","type":"post","link":"https:\/\/willizblog.de\/?p=7317","title":{"rendered":"Pfingsten 2013"},"content":{"rendered":"<p><a href=\"https:\/\/de.wikipedia.org\/wiki\/Pfingsten\" target=\"_blank\">Pfingsten<\/a>, das Fest des Heiligen Geistes, wird unter den Christen genau f\u00fcnfzig Tage nach Ostern gefeiert. Genau genommen gedenkt man an Pfingsten der Ausgie\u00dfung des Heiligen Geistes \u00fcber die zw\u00f6lf Apostel. Zugleich mit Pfingsten geht auch die Osterzeit zu Ende. Die Apostelgeschichte des Neuen Testaments erz\u00e4hlt, dass der Heilige Geist am f\u00fcnfzigsten Tag nach Ostern auf die J\u00fcnger Jesu herabkam, als sie sich in Jerusalem versammelten. Das Wunder, das dabei geschah, war, dass sie pl\u00f6tzlich in allen Sprachen der Welt kommunizieren konnten.<\/p>\n<ul><img src=\"https:\/\/www.willizblog.de\/blogpicts\/pfingstochse.jpg\" alt=\"Pfingstochsen\" title=\"Pfingstochsen\" \/><\/ul>\n<p><em>Pfingsten, das liebliche Fest, war gekommen: Es gr\u00fcnten und bl\u00fchten<br \/>\nFeld und Wald; auf H\u00fcgeln und H\u00f6hn, in B\u00fcschen und Hecken<br \/>\n\u00dcbten ein fr\u00f6hliches Lied die neu ermunterten V\u00f6gel;<br \/>\nJede Wiese sprosste von Blumen in duftenden Gr\u00fcnden,<br \/>\nFestlich heiter gl\u00e4nzte der Himmel und farbig die Erde.<br \/>\n<\/em><\/p>\n<p><a href=\"https:\/\/de.wikipedia.org\/wiki\/Johann_Wolfgang_von_Goethe\" target=\"_blank\">Johann Wolfgang von Goethe<\/a><br \/>\naus: <a href=\"https:\/\/de.wikipedia.org\/wiki\/Reineke_Fuchs_%28Goethe%29\" target=\"_blank\">Reineke Fuchs<\/a> \u2013 <a href=\"http:\/\/www.wissen-im-netz.info\/literatur\/goethe\/werke\/fuchs\/01.htm\" target=\"_blank\">1. Gesang<\/a><\/p>\n<p>Die Wetteraussichten f\u00fcr dieses Jahr Pfingsten sind gemischt. Zumindest heute am Pfingstsonntag soll es lediglich leicht bew\u00f6lkt und mit etwas \u00fcber 20 \u00b0C angenehm warm werden. Schon f\u00fcr morgen ist aber wieder leichter Regen angesagt. Auf jeden Fall gr\u00fcnt und bl\u00fcht es \u00fcberall. Der Fr\u00fchling ist l\u00e4ngst angekommen. Der Sommer darf dann auch bald kommen.<\/p>\n","protected":false},"excerpt":{"rendered":"<p>Pfingsten, das Fest des Heiligen Geistes, wird unter den Christen genau f\u00fcnfzig Tage nach Ostern gefeiert. Genau genommen gedenkt man an Pfingsten der Ausgie\u00dfung des Heiligen Geistes \u00fcber die zw\u00f6lf Apostel. Zugleich mit Pfingsten geht auch die Osterzeit zu Ende. Die Apostelgeschichte des Neuen Testaments erz\u00e4hlt, dass der Heilige Geist am f\u00fcnfzigsten Tag nach Ostern &hellip; <a href=\"https:\/\/willizblog.de\/?p=7317\" class=\"more-link\"><span class=\"screen-reader-text\">Pfingsten 2013<\/span> weiterlesen <span class=\"meta-nav\">&rarr;<\/span><\/a><\/p>\n","protected":false},"author":1,"featured_media":0,"comment_status":"open","ping_status":"open","sticky":false,"template":"","format":"standard","meta":[],"categories":[32],"tags":[],"_links":{"self":[{"href":"https:\/\/willizblog.de\/index.php?rest_route=\/wp\/v2\/posts\/7317"}],"collection":[{"href":"https:\/\/willizblog.de\/index.php?rest_route=\/wp\/v2\/posts"}],"about":[{"href":"https:\/\/willizblog.de\/index.php?rest_route=\/wp\/v2\/types\/post"}],"author":[{"embeddable":true,"href":"https:\/\/willizblog.de\/index.php?rest_route=\/wp\/v2\/users\/1"}],"replies":[{"embeddable":true,"href":"https:\/\/willizblog.de\/index.php?rest_route=%2Fwp%2Fv2%2Fcomments&post=7317"}],"version-history":[{"count":0,"href":"https:\/\/willizblog.de\/index.php?rest_route=\/wp\/v2\/posts\/7317\/revisions"}],"wp:attachment":[{"href":"https:\/\/willizblog.de\/index.php?rest_route=%2Fwp%2Fv2%2Fmedia&parent=7317"}],"wp:term":[{"taxonomy":"category","embeddable":true,"href":"https:\/\/willizblog.de\/index.php?rest_route=%2Fwp%2Fv2%2Fcategories&post=7317"},{"taxonomy":"post_tag","embeddable":true,"href":"https:\/\/willizblog.de\/index.php?rest_route=%2Fwp%2Fv2%2Ftags&post=7317"}],"curies":[{"name":"wp","href":"https:\/\/api.w.org\/{rel}","templated":true}]}}