{"id":7333,"date":"2013-05-24T09:34:38","date_gmt":"2013-05-24T08:34:38","guid":{"rendered":"http:\/\/www.willizblog.de\/?p=7333"},"modified":"2013-05-24T10:02:30","modified_gmt":"2013-05-24T09:02:30","slug":"neuanfang-wagen","status":"publish","type":"post","link":"https:\/\/willizblog.de\/?p=7333","title":{"rendered":"Neuanfang wagen"},"content":{"rendered":"<p>Vielleicht geht es doch schneller, als gedacht: Sportdirektor Thomas Eichin vom Fu\u00dfballbundesligisten SV Werder Bremen will nach dem <a href=\"https:\/\/www.willizblog.de\/?p=7310\" target=\"_blank\">Abgang von Thomas Schaaf<\/a> den Neuanfang wagen und macht bereits N\u00e4gel mit K\u00f6pfen. Als Schaafs Nachfolger w\u00fcnscht er sich <a href=\"https:\/\/de.wikipedia.org\/wiki\/Robin_Dutt\" target=\"_blank\">Robin Dutt<\/a> als Cheftrainer, seit dem 1. August 2012 Sportdirektor beim Deutschen Fu\u00dfball-Bund (DFB) und damit Nachfolger von Matthias Sammer. Der SV Werder und Dutt haben sich bereits an den DFB gewandt und um die Aufhebung des bis Ende 2016 laufenden Vertrages von Dutt gebeten.<\/p>\n<p>Ich denke, Robin Dutt w\u00e4re eine gute Wahl, denn: <em>\u201eEr erf\u00fcllt alle Kriterien, die wir f\u00fcr einen Neuanfang aufgestellt haben. Er kennt sich bestens im Nachwuchsbereich aus, kann auf gute Talentf\u00f6rderung verweisen und hat in der Bundesliga bereits nachgewiesen, dass er eine solche Aufgabe erfolgreich meistern kann,\u201c<\/em> wie Eichin gestern sagte. Dutt war u.a. von 2007 bis 2011 f\u00fcr den SC Freiburg t\u00e4tig, wo er erfolgreich die Nachfolge des langj\u00e4hrigen Trainers Volker Finke \u00fcbernahm und den Klub wieder zur\u00fcck in die Bundesliga f\u00fchrte. Allerdings wurde er als Nachfolger von Jupp Heynckes bei Bayer 04 Leverkusen in der Saison 2011\/2012 nicht ganz so gl\u00fccklich.<\/p>\n<ul><img src=\"https:\/\/www.willizblog.de\/images\/werder_bremen_talfahrt.jpg\" alt=\"Neuanfang beim SV Werder Bremen\" title=\"Neuanfang beim SV Werder Bremen\" \/><\/ul>\n<p>Und es geht weiter: Felix Kroos und \u00d6zkan Yildirim bekamen schon vor Tagen eine Vertragsverl\u00e4ngerung, beides durchaus hoffnungsvolle Nachwuchsspieler, die auch schon in der ersten Mannschaft gute Leistungen zeigten. Und jetzt dann auch die Vertragsunterzeichnung mit Nils Petersen, der bisher von Bayern M\u00fcnchen ausgeliehen war und f\u00fcr angeblich 3 Millionen \u20ac an die Weser wechselt. So ganz mein Wunschkandidat ist er zwar nicht, aber angesichts des deutlich geschrumpften Etats bei Werder die dann doch beste L\u00f6sung.<\/p>\n<p>Daf\u00fcr wird wohl <a href=\"https:\/\/de.wikipedia.org\/wiki\/Sokratis_Papastathopoulos\" target=\"_blank\">Sokratis<\/a> Werder in Richtung Dortmund verlassen. Bei einem <a href=\"http:\/\/www.transfermarkt.de\/de\/sokratis\/profil\/spieler_34322.html\" target=\"_blank\">Marktwert von zz. 10 Millionen \u20ac<\/a> und einem Vertrag bei Werder bis 2016 d\u00fcrfte eine stattliche Abl\u00f6sesumme f\u00e4llig werden (angeblich will Dortmund <a href=\"http:\/\/www.kreiszeitung.de\/sport\/werder-bremen\/sokratis-sich-schon-verabschiedet-2921877.html\" target=\"_blank\">9 Millionen \u20ac<\/a> zahlen). Die plant man, in einen Nachfolger des Abwehrchefs zu reinvestieren.<\/p>\n<p>Leider wird auch Kevin de Bruyne die Bremer wieder verlassen. Der junge Belgier war f\u00fcr eine Saison vom FC Chelsea (dort bis 2017 unter Vertrag) ausgeliehen. Die Interessenten f\u00fcr ihn rennen bereits in London die T\u00fcren ein. So m\u00f6chten u.a. gern die Borussen aus Dortmund und Bayer Leverkusen den offensiven Mittelfeldspieler an ihre Vereine binden. Nach jetzigen Stand will der FC Chelsea de Bruyne aber behalten und ihn h\u00f6chstens noch eine weitere Spielzeit ausleihen. So gesehen h\u00e4tte Werder Bremen sogar noch eine minimale Chance, ihn f\u00fcr dieses eine Jahr an der Weser zu halten. Werder muss auf jeden Fall Kevin de Bruyne dankbar sein. Ohne seine gute Leistung w\u00e4ren die Bremer mit Sicherheit abgestiegen.<\/p>\n<p>Der Trend ist auf jeden Fall eindeutig und w\u00fcrde durch die Verpflichtung von Robin Dutt nur best\u00e4tigt werden: Werder Bremen verzichtet zuk\u00fcnftig auf Stars und setzt (fast) voll auf den Nachwuchs. Lediglich Werders Eigengew\u00e4chs Aaron Hunt, dem man zur Nominierung in die Nationalmannschaft gratulieren darf, w\u00e4re der letzte Spieler von internationaler Klasse. <\/p>\n<p>Und was ist mit Elia und Arnautovic? Wenn z.B. Mannschaften der russischen Liga Interesse zeigen, dann sollte man das nutzen. Beide waren und sind unberechenbare Unruheherde in der Mannschaft, die man nach meiner Meinung m\u00f6glichst f\u00fcr Werder vorteilhaft los werden sollte. Wenn man der <a href=\"http:\/\/www.transfermarkt.de\/de\/geruechtekueche\/aktuell\/geruechte.html\" target=\"_blank\">Ger\u00fcchtek\u00fcche um Spielertransfers<\/a> glauben darf, dann zeigt Werder einiges Interesse an neuen, jungen Spielern f\u00fcr die linke und rechte Au\u00dfenbahn.<\/p>\n<p>Nach der Saison ist bekanntlich vor der Saison. Es tut sich einiges rund ums Weserstadion. Und das tut auch Not. Warten wir ab, was da noch f\u00fcr \u00dcberraschungen auf uns Werder-Fans zukommen. Ich wei\u00df auch nicht, warum, aber ich bin guter Dinge &#8230;<\/p>\n","protected":false},"excerpt":{"rendered":"<p>Vielleicht geht es doch schneller, als gedacht: Sportdirektor Thomas Eichin vom Fu\u00dfballbundesligisten SV Werder Bremen will nach dem Abgang von Thomas Schaaf den Neuanfang wagen und macht bereits N\u00e4gel mit K\u00f6pfen. Als Schaafs Nachfolger w\u00fcnscht er sich Robin Dutt als Cheftrainer, seit dem 1. August 2012 Sportdirektor beim Deutschen Fu\u00dfball-Bund (DFB) und damit Nachfolger von &hellip; <a href=\"https:\/\/willizblog.de\/?p=7333\" class=\"more-link\"><span class=\"screen-reader-text\">Neuanfang wagen<\/span> weiterlesen <span class=\"meta-nav\">&rarr;<\/span><\/a><\/p>\n","protected":false},"author":1,"featured_media":0,"comment_status":"open","ping_status":"open","sticky":false,"template":"","format":"standard","meta":[],"categories":[27],"tags":[],"_links":{"self":[{"href":"https:\/\/willizblog.de\/index.php?rest_route=\/wp\/v2\/posts\/7333"}],"collection":[{"href":"https:\/\/willizblog.de\/index.php?rest_route=\/wp\/v2\/posts"}],"about":[{"href":"https:\/\/willizblog.de\/index.php?rest_route=\/wp\/v2\/types\/post"}],"author":[{"embeddable":true,"href":"https:\/\/willizblog.de\/index.php?rest_route=\/wp\/v2\/users\/1"}],"replies":[{"embeddable":true,"href":"https:\/\/willizblog.de\/index.php?rest_route=%2Fwp%2Fv2%2Fcomments&post=7333"}],"version-history":[{"count":0,"href":"https:\/\/willizblog.de\/index.php?rest_route=\/wp\/v2\/posts\/7333\/revisions"}],"wp:attachment":[{"href":"https:\/\/willizblog.de\/index.php?rest_route=%2Fwp%2Fv2%2Fmedia&parent=7333"}],"wp:term":[{"taxonomy":"category","embeddable":true,"href":"https:\/\/willizblog.de\/index.php?rest_route=%2Fwp%2Fv2%2Fcategories&post=7333"},{"taxonomy":"post_tag","embeddable":true,"href":"https:\/\/willizblog.de\/index.php?rest_route=%2Fwp%2Fv2%2Ftags&post=7333"}],"curies":[{"name":"wp","href":"https:\/\/api.w.org\/{rel}","templated":true}]}}