{"id":7346,"date":"2013-05-29T07:21:30","date_gmt":"2013-05-29T06:21:30","guid":{"rendered":"http:\/\/www.willizblog.de\/?p=7346"},"modified":"2013-05-29T06:29:10","modified_gmt":"2013-05-29T05:29:10","slug":"willst-lakritz-otto-kopka-ist-tot","status":"publish","type":"post","link":"https:\/\/willizblog.de\/?p=7346","title":{"rendered":"Willst Lakritz? Otto Kopka ist tot"},"content":{"rendered":"<p>Es gibt nicht viele Menschen, vor denen ich wirklich Hochachtung habe. Jetzt ist so ein Mensch, <strong>Otto Kopka<\/strong>, letzte Woche, am 23. Mai, im 82. Lebensjahr verstorben. Bevor Otto Kopka mit seiner Frau Christa 1995 wie ich mit meiner Familie nach Tostedt zog, war er 30 Jahre als Pastor in <a href=\"https:\/\/de.wikipedia.org\/wiki\/Marschacht\" target=\"_blank\">Marschacht<\/a> an der Elbe t\u00e4tig. In Tostedt verbrachte er seinen Lebensabend.<\/p>\n<p><img src=\"https:\/\/www.willizblog.de\/images\/otto_kopka_1931_2013.jpg\" alt=\"Otto Kopka (1931-2013)\" title=\"Otto Kopka (1931-2013)\" \/><\/p>\n<p>Als gute Nachbarn hatten wir oft genug Kontakt miteinander und wurden auch \u00f6fter von Otto und seiner Frau, nach deren Tod von ihm und seiner Lebensgef\u00e4hrtin, zum Kaffee eingeladen. Bei den anregenden Gespr\u00e4chen \u00fcber \u201eGott und die Welt\u201c verging die Zeit wie im Fluge. Da sowohl mein Vater wie auch der Vater meiner Frau aus Ostpreu\u00dfen stammten und Otto Kopka ebenfalls in Masuren 1931 geboren wurde, so haben wir auch \u00fcber Flucht und Vertreibung w\u00e4hrend des 2. Weltkrieges und danach gesprochen (siehe auch: <a href=\"https:\/\/www.willizblog.de\/?p=2369\" target=\"_blank\">Wie konnte es geschehen?<\/a>).<\/p>\n<p>Wir sprachen auch \u00fcber die zwischen Ende 1989 und Mai 1991 verst\u00e4rkt aufgetretenen Leuk\u00e4mie-Erkrankungen in der Samtgemeinde Elbmarsch (8.000 Einwohner), zu der die Gemeinde Marschacht geh\u00f6rt. F\u00fcnf Kinder zwischen einem und neun Jahren sowie ein junger Erwachsener waren erkrankt. Die Samtgemeinde Elbmarsch liegt im Urstromtal der Elbe. Das gegen\u00fcberliegende Elbufer, an dem das <a href=\"https:\/\/de.wikipedia.org\/wiki\/Kernkraftwerk_Kr%C3%BCmmel\" target=\"_blank\">AKW Kr\u00fcmmel<\/a> liegt, steigt bis zu 70 Metern steil an. Die Krankheitsf\u00e4lle traten alle entlang der Elbe auf nieders\u00e4chsischer Seite auf, f\u00fcnf direkt gegen\u00fcber dem Atomkraftwerk Kr\u00fcmmel, in dessen Nachbarschaft sich einer der \u00e4ltesten deutschen Kernforschungsreaktoren befindet (siehe hierzu: B\u00fcrgerinitiative gegen Leuk\u00e4mie in der Elbmarsch \u2013 <a href=\"http:\/\/elbmarsch.org\/buchbeitrag\" target=\"_blank\">Buchbeitrag: Die Leuk\u00e4mie in der Elbmarsch<\/a>). Otto Kopka, damals noch Pastor im Amt, traute den hoffnungslos an Blutkrebs erkrankten S\u00f6nke und seine Verlobte Anke: <em>\u201eAnfang Oktober tritt er mit seiner Verlobten vor den Traualtar. Trauer und Gl\u00fcck in einem, Pastor Kopka spricht die Dinge so an, wie sie sind. Da\u00df auch ihm die Stimme zeitweise versagt, ist nur zu verst\u00e4ndlich. Auch wenn S\u00f6nke im Rollstuhl f\u00e4hrt \u2013 die Hochzeit wird im \u201aMarschachter Hof\u2019 gefeiert.\u201c<\/em><\/p>\n<p>Otto Kopka sang lange Jahre mit kraftvollem Bariton in der <a href=\"http:\/\/www.kirche-tostedt.de\/kirchenmusik\/johanneskantorei.html\" target=\"_blank\">Johanneskantorei Tostedt<\/a> und auch im <a href=\"http:\/\/www.kirchengemeinde-heidenau.de\/gruppen\/chor.html\" target=\"_blank\">Heidenauer Kirchenchor<\/a>. Im Februar 2010 durfte ich mit meiner Frau ihn mit dem Chor und weiteren Mitwirkenden beim Oratorium <a href=\"https:\/\/www.willizblog.de\/?p=2714\" target=\"_blank\">Der Messias von Georg Friedrich H\u00e4ndel<\/a> sehen und h\u00f6ren. Die Karten hatten wir von ihm.<\/p>\n<ul><img src=\"https:\/\/www.willizblog.de\/images\/otto_kopka_advent_2010_stalmann_wendt.jpg\" alt=\"Pastorin Ruth Stalmann-Wendt mit Otto Kopka (Pastor i.R.)\" title=\"Pastorin Ruth Stalmann-Wendt mit Otto Kopka (Pastor i.R.)\" \/><\/ul>\n<p>Adventskonzert in der ev.-luth. Maria-Magdalena-Kirche Heidenau am 13.12.2010<br \/>\nPastorin Ruth Stalmann-Wendt mit Otto Kopka (Pastor i.R.) \u2013  Quelle: <a href=\"http:\/\/www.kirchengemeinde-heidenau.de\/uploads\/media\/Maerz__-_Mai__2010.pdf\" target=\"_blank\">Gemeindebrief der Kirchengemeinde Heidenau<\/a><\/p>\n<p>Otto Kopka, der uns sp\u00e4ter das Du anbot, war ein aufrechter Christ, der sich vor keinen Karren spannen lie\u00df, vor allem keinen kommunalpolitischen. Er war engagiert in Dingen, die ihn interessierten. So lernte er ausdauernd Polnisch, um mit der <a href=\"http:\/\/www.dpg-tostedt.de\/\" target=\"_blank\">Deutsch-Polnischen Gesellschaft<\/a> Tostedts polnische Partnerstadt <a href=\"http:\/\/www.dpg-tostedt.de\/partnerstadt-lubaczow\" target=\"_blank\">Lubascz\u00f3w<\/a> zu besuchen.<\/p>\n<p>Zum Ende einer Begegnung mit ihm las Otto Kopka uns immer gern etwas vor. Was war da N\u00e4herliegendes als eine Erz\u00e4hlung aus <a href=\"https:\/\/de.wikipedia.org\/wiki\/Siegfried_Lenz\" target=\"_blank\">Siegfried Lenz<\/a>\u2019 \u201eSo z\u00e4rtlich wie <a href=\"https:\/\/de.wikipedia.org\/wiki\/Sulejki\" target=\"_blank\">Suleyken<\/a>\u201c:<\/p>\n<p><em>\u2026 oder kratzten sich am Fuss oder am Bein.<\/em><br \/>\n<em>Dann, nach angemessener Weile, erfolgte wieder etwas Ungew\u00f6hnliches. Joseph Gritzan langte in die Tasche, zog etwas Eingewickeltes heraus und sprach zu dem M\u00e4dchen Katharina Knack: <strong>\u00abWillst\u00bb<\/strong>, sprach er, <strong>\u00abLakritz?\u00bb<\/strong><\/em><\/p>\n","protected":false},"excerpt":{"rendered":"<p>Es gibt nicht viele Menschen, vor denen ich wirklich Hochachtung habe. Jetzt ist so ein Mensch, Otto Kopka, letzte Woche, am 23. Mai, im 82. Lebensjahr verstorben. Bevor Otto Kopka mit seiner Frau Christa 1995 wie ich mit meiner Familie nach Tostedt zog, war er 30 Jahre als Pastor in Marschacht an der Elbe t\u00e4tig. &hellip; <a href=\"https:\/\/willizblog.de\/?p=7346\" class=\"more-link\"><span class=\"screen-reader-text\">Willst Lakritz? Otto Kopka ist tot<\/span> weiterlesen <span class=\"meta-nav\">&rarr;<\/span><\/a><\/p>\n","protected":false},"author":1,"featured_media":0,"comment_status":"open","ping_status":"open","sticky":false,"template":"","format":"standard","meta":[],"categories":[15,11],"tags":[],"_links":{"self":[{"href":"https:\/\/willizblog.de\/index.php?rest_route=\/wp\/v2\/posts\/7346"}],"collection":[{"href":"https:\/\/willizblog.de\/index.php?rest_route=\/wp\/v2\/posts"}],"about":[{"href":"https:\/\/willizblog.de\/index.php?rest_route=\/wp\/v2\/types\/post"}],"author":[{"embeddable":true,"href":"https:\/\/willizblog.de\/index.php?rest_route=\/wp\/v2\/users\/1"}],"replies":[{"embeddable":true,"href":"https:\/\/willizblog.de\/index.php?rest_route=%2Fwp%2Fv2%2Fcomments&post=7346"}],"version-history":[{"count":0,"href":"https:\/\/willizblog.de\/index.php?rest_route=\/wp\/v2\/posts\/7346\/revisions"}],"wp:attachment":[{"href":"https:\/\/willizblog.de\/index.php?rest_route=%2Fwp%2Fv2%2Fmedia&parent=7346"}],"wp:term":[{"taxonomy":"category","embeddable":true,"href":"https:\/\/willizblog.de\/index.php?rest_route=%2Fwp%2Fv2%2Fcategories&post=7346"},{"taxonomy":"post_tag","embeddable":true,"href":"https:\/\/willizblog.de\/index.php?rest_route=%2Fwp%2Fv2%2Ftags&post=7346"}],"curies":[{"name":"wp","href":"https:\/\/api.w.org\/{rel}","templated":true}]}}